{"id":9171,"date":"2022-01-07T12:01:49","date_gmt":"2022-01-07T12:01:49","guid":{"rendered":"https:\/\/www.schellhammerinstitute.com\/?p=9171"},"modified":"2024-10-14T10:38:52","modified_gmt":"2024-10-14T10:38:52","slug":"200-000-anos-de-historia-en-un-planeta-alienigena","status":"publish","type":"post","link":"https:\/\/www.schellhammerinstitute.com\/es\/200-000-anos-de-historia-en-un-planeta-alienigena\/","title":{"rendered":"200.000 a\u00f1os de experiencia en un planeta alien\u00edgena"},"content":{"rendered":"<p>Wer Krieg provoziert, andere L\u00e4nder zerst\u00f6rt, und ausbeutet, wird 200.000 Jahre auf einen eisigen Planeten geschickt.<br \/>\nQuien con Pandemie, Lockdown y Restriktionen masslos wird, debe 200.000 Jahre auf einen eisigen Planeten.<br \/>\nWer propagandistisch Virusgefahren aufheizt, t\u00f6te Menschen, und muss 200.000 Jahre auf einen eisigen Planeten.<br \/>\nWer Massnahmen praktiziert, um Unterwerfung zu erzwingen, muss 200.000 Jahre auf einen eisigen Planeten.<br \/>\nSi la vida de las personas y las empresas empeora, tendr\u00e1 que esperar 200.000 a\u00f1os en un planeta alien\u00edgena.<br \/>\nSi un ser humano sufre de angustia y p\u00e1nico durante su infancia, deber\u00e1 vivir 200.000 a\u00f1os en un planeta alien\u00edgena.<br \/>\nQuien con insensibles Impfungen Menschen verletzt oder umbringt, muss 200.000 Jahre auf einen eisigen Planeten.<br \/>\nQuien con m\u00e9todos avanzados se acerque a la realidad, debe llevar 200.000 a\u00f1os en un planeta alien\u00edgena.<br \/>\nWer im Fall Covid Massnahmen erzwingt, die de fakto unsinnig sind, muss 200.000 Jahre auf einen eisigen Planeten.<br \/>\nWer \"das Virus\" aufbauscht, obwohl wissenschaftlich nicht konsistent, muss 200.000 Jahre auf einen eisigen Planeten.<br \/>\nWer auf \"Protestler\" dreinschl\u00e4gt, wo zu Covid nur sehr wenig belegt ist, muss 200.000 Jahre auf einen eisigen Planeten.<br \/>\nQuien manipula las estad\u00edsticas para satisfacer intereses estatales, debe llevar 200.000 a\u00f1os en un planeta alien\u00edgena.<br \/>\nWer Millionen Menschen mit Panikmache in den Abgrund treibt, muss 200.000 Jahre auf einen eisigen Planeten.<br \/>\nSi un pa\u00eds libre se ve afectado por el cambio clim\u00e1tico, debe esperar 200.000 a\u00f1os en un planeta alien\u00edgena.<br \/>\nWer die Todesstrafe praktiziert, ignoriert epigenetische und soziale Ursachen, muss 200.000 Jahre auf einen eisigen Planeten.<br \/>\nQuien se esfuerza sistem\u00e1ticamente por conseguir la m\u00e1xima productividad, arruina su vida y debe pasar 200.000 a\u00f1os en un planeta alien\u00edgena.<br \/>\nQuien se dedica a la educaci\u00f3n infantil sin l\u00edmites, f\u00edsica y ps\u00edquicamente, debe llevar 200.000 a\u00f1os en un planeta alien\u00edgena.<br \/>\nWer Schulbildung offeriert, um die Menschen mental dumm zu halten, muss 200.000 Jahre auf einen eisigen Planeten.<br \/>\nEin Politiker, der verlangt, dass alle Schulbildung kontrolliert werden muss, muss 200.000 Jahre auf einen eisigen Planeten.<br \/>\nWer global die langfristigen Ressourcen f\u00fcr die Menschheit zerst\u00f6rt, muss 200.000 Jahre auf einen eisigen Planeten.<br \/>\nWer Nuklearenergie produziert und die Entsorgung der Zukunft \u00fcberl\u00e4sst, muss 200.000 Jahre auf einen eisigen Planeten.<br \/>\nSi los seres humanos se mantienen firmes y libres de corrupci\u00f3n, tendr\u00e1n que pasar 200.000 a\u00f1os en un planeta alien\u00edgena.<br \/>\nPolitiker, die unangemessen Steuergelder f\u00fcr ihren Narzissmus verbrennen, m\u00fcssen 200.000 Jahre auf einen eisigen Planeten.<br \/>\nQuien, como pol\u00edtico, no acepte la felicidad del ser humano como fundamento, deber\u00e1 permanecer 200.000 a\u00f1os en un planeta alien\u00edgena.<br \/>\nQuien, como pol\u00edtico, conf\u00eda m\u00e1s en los \"viejos\" grupos de presi\u00f3n que en su propio pueblo, deber\u00e1 vivir 200.000 a\u00f1os en un planeta alien\u00edgena.<br \/>\nSi el obscuro Zwangshumanismus fr\u00f6nt, zerst\u00f6rt das geistige Menschsein, muss 200.000 Jahre auf einen eisigen Planeten.<br \/>\nWer Kind, M\u00e4dchen, Knabe, Frau, Mann, Mutter, Vater, Ehe, Liebe, etc., abschafft, muss 200.000 Jahre auf einen eisigen Planeten.<br \/>\nWer politisch das Mannsein und Frausein abschaffen oder chirurgisch umwandeln will, muss 200.000 Jahre auf einen eisigen Planeten.<br \/>\nGobernantes, titanes y \u00e9lites, que han alcanzado los mayores logros de la humanidad, llevan 200.000 a\u00f1os en un planeta alien\u00edgena.<br \/>\nWer Politik betreibt, aber sachlich, mental, geistig und in Weisheit nicht geschult ist, muss 200.000 Jahre auf einen eisigen Planeten.<br \/>\nQuien en la pol\u00edtica es un feo y un perro falso que no quiere al pueblo, debe llevar 200.000 a\u00f1os en un planeta alien\u00edgena.<br \/>\nAssange, que siempre ha estado en el punto de mira, es un gran creador, y debe llevar 200.000 a\u00f1os en un planeta alien\u00edgena.<\/p>","protected":false},"excerpt":{"rendered":"<p>Wer Krieg provoziert, andere L\u00e4nder zerst\u00f6rt, und ausbeutet, wird 200,000 Jahre auf einen eisigen Planeten geschickt. Wer mit Pandemie, Lockdown und Restriktionen masslos wird, muss 200.000 Jahre auf einen eisigen Planeten. Wer propagandistisch Virusgefahren aufheizt, t\u00f6tet Menschen, und muss 200.000 Jahre auf einen eisigen Planeten. Wer Massnahmen praktiziert, um Unterwerfung zu erzwingen, muss 200.000 Jahre [&hellip;]<\/p>\n","protected":false},"author":4,"featured_media":9185,"comment_status":"open","ping_status":"closed","sticky":false,"template":"","format":"standard","meta":{"saved_in_kubio":false,"_jetpack_memberships_contains_paid_content":false,"footnotes":""},"categories":[306,1],"tags":[304],"class_list":["post-9171","post","type-post","status-publish","format-standard","has-post-thumbnail","hentry","category-article","category-blog","tag-german"],"yoast_head":"<!-- This site is optimized with the Yoast SEO plugin v27.5 - https:\/\/yoast.com\/product\/yoast-seo-wordpress\/ -->\n<title>Bestraft mit 200.000 Jahren auf einem eisigen Planeten | Schellhammer Institute<\/title>\n<meta name=\"robots\" content=\"index, follow, max-snippet:-1, max-image-preview:large, max-video-preview:-1\" \/>\n<link rel=\"canonical\" href=\"https:\/\/www.schellhammerinstitute.com\/es\/200-000-anos-de-historia-en-un-planeta-alienigena\/\" \/>\n<meta property=\"og:locale\" content=\"es_ES\" \/>\n<meta property=\"og:type\" content=\"article\" \/>\n<meta property=\"og:title\" content=\"Bestraft mit 200.000 Jahren auf einem eisigen Planeten | Schellhammer Institute\" \/>\n<meta property=\"og:description\" content=\"Wer Krieg provoziert, andere L\u00e4nder zerst\u00f6rt, und ausbeutet, wird 200,000 Jahre auf einen eisigen Planeten geschickt. Wer mit Pandemie, Lockdown und Restriktionen masslos wird, muss 200.000 Jahre auf einen eisigen Planeten. Wer propagandistisch Virusgefahren aufheizt, t\u00f6tet Menschen, und muss 200.000 Jahre auf einen eisigen Planeten. Wer Massnahmen praktiziert, um Unterwerfung zu erzwingen, muss 200.000 Jahre [&hellip;]\" \/>\n<meta property=\"og:url\" content=\"https:\/\/www.schellhammerinstitute.com\/es\/200-000-anos-de-historia-en-un-planeta-alienigena\/\" \/>\n<meta property=\"og:site_name\" content=\"Schellhammer Institute\" \/>\n<meta property=\"article:publisher\" content=\"https:\/\/www.facebook.com\/schellhammerinstitute\" \/>\n<meta property=\"article:published_time\" content=\"2022-01-07T12:01:49+00:00\" \/>\n<meta property=\"article:modified_time\" content=\"2024-10-14T10:38:52+00:00\" \/>\n<meta property=\"og:image\" content=\"https:\/\/www.schellhammerinstitute.com\/wp-content\/uploads\/eis-scaled.jpg\" \/>\n\t<meta property=\"og:image:width\" content=\"2560\" \/>\n\t<meta property=\"og:image:height\" content=\"1707\" \/>\n\t<meta property=\"og:image:type\" content=\"image\/jpeg\" \/>\n<meta name=\"author\" content=\"Dr. Eduard Schellhammer\" \/>\n<meta name=\"twitter:card\" content=\"summary_large_image\" \/>\n<meta name=\"twitter:label1\" content=\"Escrito por\" \/>\n\t<meta name=\"twitter:data1\" content=\"Dr. Eduard Schellhammer\" \/>\n\t<meta name=\"twitter:label2\" content=\"Tiempo de lectura\" \/>\n\t<meta name=\"twitter:data2\" content=\"3 minutos\" \/>\n<script type=\"application\/ld+json\" class=\"yoast-schema-graph\">{\"@context\":\"https:\\\/\\\/schema.org\",\"@graph\":[{\"@type\":\"Article\",\"@id\":\"https:\\\/\\\/www.schellhammerinstitute.com\\\/bestraft-mit-200-000-jahren-auf-einem-eisigen-planeten\\\/#article\",\"isPartOf\":{\"@id\":\"https:\\\/\\\/www.schellhammerinstitute.com\\\/bestraft-mit-200-000-jahren-auf-einem-eisigen-planeten\\\/\"},\"author\":{\"name\":\"Dr. Eduard Schellhammer\",\"@id\":\"https:\\\/\\\/www.schellhammerinstitute.com\\\/#\\\/schema\\\/person\\\/26a7f216f9085738595e7f3753546085\"},\"headline\":\"Bestraft mit 200.000 Jahren auf einem eisigen Planeten\",\"datePublished\":\"2022-01-07T12:01:49+00:00\",\"dateModified\":\"2024-10-14T10:38:52+00:00\",\"mainEntityOfPage\":{\"@id\":\"https:\\\/\\\/www.schellhammerinstitute.com\\\/bestraft-mit-200-000-jahren-auf-einem-eisigen-planeten\\\/\"},\"wordCount\":533,\"commentCount\":0,\"publisher\":{\"@id\":\"https:\\\/\\\/www.schellhammerinstitute.com\\\/#organization\"},\"image\":{\"@id\":\"https:\\\/\\\/www.schellhammerinstitute.com\\\/bestraft-mit-200-000-jahren-auf-einem-eisigen-planeten\\\/#primaryimage\"},\"thumbnailUrl\":\"https:\\\/\\\/www.schellhammerinstitute.com\\\/wp-content\\\/uploads\\\/eis-scaled.jpg\",\"keywords\":[\"German\"],\"articleSection\":[\"Article\",\"Blog\"],\"inLanguage\":\"es\",\"potentialAction\":[{\"@type\":\"CommentAction\",\"name\":\"Comment\",\"target\":[\"https:\\\/\\\/www.schellhammerinstitute.com\\\/bestraft-mit-200-000-jahren-auf-einem-eisigen-planeten\\\/#respond\"]}]},{\"@type\":\"WebPage\",\"@id\":\"https:\\\/\\\/www.schellhammerinstitute.com\\\/bestraft-mit-200-000-jahren-auf-einem-eisigen-planeten\\\/\",\"url\":\"https:\\\/\\\/www.schellhammerinstitute.com\\\/bestraft-mit-200-000-jahren-auf-einem-eisigen-planeten\\\/\",\"name\":\"Bestraft mit 200.000 Jahren auf einem eisigen Planeten | Schellhammer Institute\",\"isPartOf\":{\"@id\":\"https:\\\/\\\/www.schellhammerinstitute.com\\\/#website\"},\"primaryImageOfPage\":{\"@id\":\"https:\\\/\\\/www.schellhammerinstitute.com\\\/bestraft-mit-200-000-jahren-auf-einem-eisigen-planeten\\\/#primaryimage\"},\"image\":{\"@id\":\"https:\\\/\\\/www.schellhammerinstitute.com\\\/bestraft-mit-200-000-jahren-auf-einem-eisigen-planeten\\\/#primaryimage\"},\"thumbnailUrl\":\"https:\\\/\\\/www.schellhammerinstitute.com\\\/wp-content\\\/uploads\\\/eis-scaled.jpg\",\"datePublished\":\"2022-01-07T12:01:49+00:00\",\"dateModified\":\"2024-10-14T10:38:52+00:00\",\"breadcrumb\":{\"@id\":\"https:\\\/\\\/www.schellhammerinstitute.com\\\/bestraft-mit-200-000-jahren-auf-einem-eisigen-planeten\\\/#breadcrumb\"},\"inLanguage\":\"es\",\"potentialAction\":[{\"@type\":\"ReadAction\",\"target\":[\"https:\\\/\\\/www.schellhammerinstitute.com\\\/bestraft-mit-200-000-jahren-auf-einem-eisigen-planeten\\\/\"]}]},{\"@type\":\"ImageObject\",\"inLanguage\":\"es\",\"@id\":\"https:\\\/\\\/www.schellhammerinstitute.com\\\/bestraft-mit-200-000-jahren-auf-einem-eisigen-planeten\\\/#primaryimage\",\"url\":\"https:\\\/\\\/www.schellhammerinstitute.com\\\/wp-content\\\/uploads\\\/eis-scaled.jpg\",\"contentUrl\":\"https:\\\/\\\/www.schellhammerinstitute.com\\\/wp-content\\\/uploads\\\/eis-scaled.jpg\",\"width\":2560,\"height\":1707,\"caption\":\"Bestraft mit 200.000 Jahren auf einem eisigen Planeten\"},{\"@type\":\"BreadcrumbList\",\"@id\":\"https:\\\/\\\/www.schellhammerinstitute.com\\\/bestraft-mit-200-000-jahren-auf-einem-eisigen-planeten\\\/#breadcrumb\",\"itemListElement\":[{\"@type\":\"ListItem\",\"position\":1,\"name\":\"Home\",\"item\":\"https:\\\/\\\/www.schellhammerinstitute.com\\\/\"},{\"@type\":\"ListItem\",\"position\":2,\"name\":\"Bestraft mit 200.000 Jahren auf einem eisigen Planeten\"}]},{\"@type\":\"WebSite\",\"@id\":\"https:\\\/\\\/www.schellhammerinstitute.com\\\/#website\",\"url\":\"https:\\\/\\\/www.schellhammerinstitute.com\\\/\",\"name\":\"Schellhammer Institute\",\"description\":\"We want to change the world for the better\",\"publisher\":{\"@id\":\"https:\\\/\\\/www.schellhammerinstitute.com\\\/#organization\"},\"alternateName\":\"The Schellhamer Institute\",\"potentialAction\":[{\"@type\":\"SearchAction\",\"target\":{\"@type\":\"EntryPoint\",\"urlTemplate\":\"https:\\\/\\\/www.schellhammerinstitute.com\\\/?s={search_term_string}\"},\"query-input\":{\"@type\":\"PropertyValueSpecification\",\"valueRequired\":true,\"valueName\":\"search_term_string\"}}],\"inLanguage\":\"es\"},{\"@type\":\"Organization\",\"@id\":\"https:\\\/\\\/www.schellhammerinstitute.com\\\/#organization\",\"name\":\"Schellhammer Institute\",\"alternateName\":\"Schellhammer Institute\",\"url\":\"https:\\\/\\\/www.schellhammerinstitute.com\\\/\",\"logo\":{\"@type\":\"ImageObject\",\"inLanguage\":\"es\",\"@id\":\"https:\\\/\\\/www.schellhammerinstitute.com\\\/#\\\/schema\\\/logo\\\/image\\\/\",\"url\":\"https:\\\/\\\/www.schellhammerinstitute.com\\\/wp-content\\\/uploads\\\/cropped-4-Photoroom.png\",\"contentUrl\":\"https:\\\/\\\/www.schellhammerinstitute.com\\\/wp-content\\\/uploads\\\/cropped-4-Photoroom.png\",\"width\":902,\"height\":901,\"caption\":\"Schellhammer Institute\"},\"image\":{\"@id\":\"https:\\\/\\\/www.schellhammerinstitute.com\\\/#\\\/schema\\\/logo\\\/image\\\/\"},\"sameAs\":[\"https:\\\/\\\/www.facebook.com\\\/schellhammerinstitute\",\"https:\\\/\\\/www.instagram.com\\\/schellhammerinstitute\",\"https:\\\/\\\/www.linkedin.com\\\/company\\\/schellhammerinstitute\"]},{\"@type\":\"Person\",\"@id\":\"https:\\\/\\\/www.schellhammerinstitute.com\\\/#\\\/schema\\\/person\\\/26a7f216f9085738595e7f3753546085\",\"name\":\"Dr. Eduard Schellhammer\",\"description\":\"What is most striking about meeting Dr. Schellhammer beyond his pleasant and polite manner; youthful disposition or passionate and sincere views on humanity and the planet, is his unshakable conviction that the world needs a new pioneering education. But exactly who is Dr. Schellhammer? Is he a Philosopher, an expert on Human Matters, a Psychologist, a prolific author of titles from psychology to politics and economics, an educator, or a visionary with a profound and beneficial insight into the human condition? The answer is that he is all that and more. In different age he would have been called a polymath, and probably kept close company with those giants of The Age of Enlightenment, like Jean Jacques Rousseau, Thomas Payne, perhaps even Thomas Jefferson.\",\"sameAs\":[\"https:\\\/\\\/www.schellhammerinstitute.com\\\/founder\\\/\"]}]}<\/script>\n<!-- \/ Yoast SEO plugin. -->","yoast_head_json":{"title":"Bestraft mit 200.000 Jahren auf einem eisigen Planeten | Schellhammer Institute","robots":{"index":"index","follow":"follow","max-snippet":"max-snippet:-1","max-image-preview":"max-image-preview:large","max-video-preview":"max-video-preview:-1"},"canonical":"https:\/\/www.schellhammerinstitute.com\/es\/200-000-anos-de-historia-en-un-planeta-alienigena\/","og_locale":"es_ES","og_type":"article","og_title":"Bestraft mit 200.000 Jahren auf einem eisigen Planeten | Schellhammer Institute","og_description":"Wer Krieg provoziert, andere L\u00e4nder zerst\u00f6rt, und ausbeutet, wird 200,000 Jahre auf einen eisigen Planeten geschickt. Wer mit Pandemie, Lockdown und Restriktionen masslos wird, muss 200.000 Jahre auf einen eisigen Planeten. Wer propagandistisch Virusgefahren aufheizt, t\u00f6tet Menschen, und muss 200.000 Jahre auf einen eisigen Planeten. Wer Massnahmen praktiziert, um Unterwerfung zu erzwingen, muss 200.000 Jahre [&hellip;]","og_url":"https:\/\/www.schellhammerinstitute.com\/es\/200-000-anos-de-historia-en-un-planeta-alienigena\/","og_site_name":"Schellhammer Institute","article_publisher":"https:\/\/www.facebook.com\/schellhammerinstitute","article_published_time":"2022-01-07T12:01:49+00:00","article_modified_time":"2024-10-14T10:38:52+00:00","og_image":[{"width":2560,"height":1707,"url":"https:\/\/www.schellhammerinstitute.com\/wp-content\/uploads\/eis-scaled.jpg","type":"image\/jpeg"}],"author":"Dr. Eduard Schellhammer","twitter_card":"summary_large_image","twitter_misc":{"Escrito por":"Dr. Eduard Schellhammer","Tiempo de lectura":"3 minutos"},"schema":{"@context":"https:\/\/schema.org","@graph":[{"@type":"Article","@id":"https:\/\/www.schellhammerinstitute.com\/bestraft-mit-200-000-jahren-auf-einem-eisigen-planeten\/#article","isPartOf":{"@id":"https:\/\/www.schellhammerinstitute.com\/bestraft-mit-200-000-jahren-auf-einem-eisigen-planeten\/"},"author":{"name":"Dr. Eduard Schellhammer","@id":"https:\/\/www.schellhammerinstitute.com\/#\/schema\/person\/26a7f216f9085738595e7f3753546085"},"headline":"Bestraft mit 200.000 Jahren auf einem eisigen Planeten","datePublished":"2022-01-07T12:01:49+00:00","dateModified":"2024-10-14T10:38:52+00:00","mainEntityOfPage":{"@id":"https:\/\/www.schellhammerinstitute.com\/bestraft-mit-200-000-jahren-auf-einem-eisigen-planeten\/"},"wordCount":533,"commentCount":0,"publisher":{"@id":"https:\/\/www.schellhammerinstitute.com\/#organization"},"image":{"@id":"https:\/\/www.schellhammerinstitute.com\/bestraft-mit-200-000-jahren-auf-einem-eisigen-planeten\/#primaryimage"},"thumbnailUrl":"https:\/\/www.schellhammerinstitute.com\/wp-content\/uploads\/eis-scaled.jpg","keywords":["German"],"articleSection":["Article","Blog"],"inLanguage":"es","potentialAction":[{"@type":"CommentAction","name":"Comment","target":["https:\/\/www.schellhammerinstitute.com\/bestraft-mit-200-000-jahren-auf-einem-eisigen-planeten\/#respond"]}]},{"@type":"WebPage","@id":"https:\/\/www.schellhammerinstitute.com\/bestraft-mit-200-000-jahren-auf-einem-eisigen-planeten\/","url":"https:\/\/www.schellhammerinstitute.com\/bestraft-mit-200-000-jahren-auf-einem-eisigen-planeten\/","name":"Bestraft mit 200.000 Jahren auf einem eisigen Planeten | Schellhammer Institute","isPartOf":{"@id":"https:\/\/www.schellhammerinstitute.com\/#website"},"primaryImageOfPage":{"@id":"https:\/\/www.schellhammerinstitute.com\/bestraft-mit-200-000-jahren-auf-einem-eisigen-planeten\/#primaryimage"},"image":{"@id":"https:\/\/www.schellhammerinstitute.com\/bestraft-mit-200-000-jahren-auf-einem-eisigen-planeten\/#primaryimage"},"thumbnailUrl":"https:\/\/www.schellhammerinstitute.com\/wp-content\/uploads\/eis-scaled.jpg","datePublished":"2022-01-07T12:01:49+00:00","dateModified":"2024-10-14T10:38:52+00:00","breadcrumb":{"@id":"https:\/\/www.schellhammerinstitute.com\/bestraft-mit-200-000-jahren-auf-einem-eisigen-planeten\/#breadcrumb"},"inLanguage":"es","potentialAction":[{"@type":"ReadAction","target":["https:\/\/www.schellhammerinstitute.com\/bestraft-mit-200-000-jahren-auf-einem-eisigen-planeten\/"]}]},{"@type":"ImageObject","inLanguage":"es","@id":"https:\/\/www.schellhammerinstitute.com\/bestraft-mit-200-000-jahren-auf-einem-eisigen-planeten\/#primaryimage","url":"https:\/\/www.schellhammerinstitute.com\/wp-content\/uploads\/eis-scaled.jpg","contentUrl":"https:\/\/www.schellhammerinstitute.com\/wp-content\/uploads\/eis-scaled.jpg","width":2560,"height":1707,"caption":"Bestraft mit 200.000 Jahren auf einem eisigen Planeten"},{"@type":"BreadcrumbList","@id":"https:\/\/www.schellhammerinstitute.com\/bestraft-mit-200-000-jahren-auf-einem-eisigen-planeten\/#breadcrumb","itemListElement":[{"@type":"ListItem","position":1,"name":"Home","item":"https:\/\/www.schellhammerinstitute.com\/"},{"@type":"ListItem","position":2,"name":"Bestraft mit 200.000 Jahren auf einem eisigen Planeten"}]},{"@type":"WebSite","@id":"https:\/\/www.schellhammerinstitute.com\/#website","url":"https:\/\/www.schellhammerinstitute.com\/","name":"Instituci\u00f3n Schellhammer","description":"Queremos cambiar el mundo a mejor","publisher":{"@id":"https:\/\/www.schellhammerinstitute.com\/#organization"},"alternateName":"The Schellhamer Institute","potentialAction":[{"@type":"SearchAction","target":{"@type":"EntryPoint","urlTemplate":"https:\/\/www.schellhammerinstitute.com\/?s={search_term_string}"},"query-input":{"@type":"PropertyValueSpecification","valueRequired":true,"valueName":"search_term_string"}}],"inLanguage":"es"},{"@type":"Organization","@id":"https:\/\/www.schellhammerinstitute.com\/#organization","name":"Instituci\u00f3n Schellhammer","alternateName":"Schellhammer Institute","url":"https:\/\/www.schellhammerinstitute.com\/","logo":{"@type":"ImageObject","inLanguage":"es","@id":"https:\/\/www.schellhammerinstitute.com\/#\/schema\/logo\/image\/","url":"https:\/\/www.schellhammerinstitute.com\/wp-content\/uploads\/cropped-4-Photoroom.png","contentUrl":"https:\/\/www.schellhammerinstitute.com\/wp-content\/uploads\/cropped-4-Photoroom.png","width":902,"height":901,"caption":"Schellhammer Institute"},"image":{"@id":"https:\/\/www.schellhammerinstitute.com\/#\/schema\/logo\/image\/"},"sameAs":["https:\/\/www.facebook.com\/schellhammerinstitute","https:\/\/www.instagram.com\/schellhammerinstitute","https:\/\/www.linkedin.com\/company\/schellhammerinstitute"]},{"@type":"Person","@id":"https:\/\/www.schellhammerinstitute.com\/#\/schema\/person\/26a7f216f9085738595e7f3753546085","name":"Dr. Eduard Schellhammer","description":"Lo que m\u00e1s llama la atenci\u00f3n al conocer al Dr. Schellhammer, m\u00e1s all\u00e1 de sus agradables y educados modales; su talante juvenil o sus apasionadas y sinceras opiniones sobre la humanidad y el planeta, es su inquebrantable convicci\u00f3n de que el mundo necesita una nueva educaci\u00f3n pionera. Pero, \u00bfqui\u00e9n es exactamente el Dr. Schellhammer? \u00bfEs un fil\u00f3sofo, un experto en asuntos humanos, un psic\u00f3logo, un prol\u00edfico autor de t\u00edtulos que van desde la psicolog\u00eda a la pol\u00edtica y la econom\u00eda, un educador o un visionario con una visi\u00f3n profunda y beneficiosa de la condici\u00f3n humana? La respuesta es que es todo eso y m\u00e1s. En otra \u00e9poca se le habr\u00eda calificado de pol\u00edmata, y probablemente habr\u00eda estado en estrecha compa\u00f1\u00eda de los gigantes del Siglo de las Luces, como Jean Jacques Rousseau, Thomas Payne o incluso Thomas Jefferson.","sameAs":["https:\/\/www.schellhammerinstitute.com\/founder\/"]}]}},"jetpack_featured_media_url":"https:\/\/www.schellhammerinstitute.com\/wp-content\/uploads\/eis-scaled.jpg","jetpack_sharing_enabled":true,"_links":{"self":[{"href":"https:\/\/www.schellhammerinstitute.com\/es\/wp-json\/wp\/v2\/posts\/9171","targetHints":{"allow":["GET"]}}],"collection":[{"href":"https:\/\/www.schellhammerinstitute.com\/es\/wp-json\/wp\/v2\/posts"}],"about":[{"href":"https:\/\/www.schellhammerinstitute.com\/es\/wp-json\/wp\/v2\/types\/post"}],"author":[{"embeddable":true,"href":"https:\/\/www.schellhammerinstitute.com\/es\/wp-json\/wp\/v2\/users\/4"}],"replies":[{"embeddable":true,"href":"https:\/\/www.schellhammerinstitute.com\/es\/wp-json\/wp\/v2\/comments?post=9171"}],"version-history":[{"count":1,"href":"https:\/\/www.schellhammerinstitute.com\/es\/wp-json\/wp\/v2\/posts\/9171\/revisions"}],"predecessor-version":[{"id":14605,"href":"https:\/\/www.schellhammerinstitute.com\/es\/wp-json\/wp\/v2\/posts\/9171\/revisions\/14605"}],"wp:featuredmedia":[{"embeddable":true,"href":"https:\/\/www.schellhammerinstitute.com\/es\/wp-json\/wp\/v2\/media\/9185"}],"wp:attachment":[{"href":"https:\/\/www.schellhammerinstitute.com\/es\/wp-json\/wp\/v2\/media?parent=9171"}],"wp:term":[{"taxonomy":"category","embeddable":true,"href":"https:\/\/www.schellhammerinstitute.com\/es\/wp-json\/wp\/v2\/categories?post=9171"},{"taxonomy":"post_tag","embeddable":true,"href":"https:\/\/www.schellhammerinstitute.com\/es\/wp-json\/wp\/v2\/tags?post=9171"}],"curies":[{"name":"wp","href":"https:\/\/api.w.org\/{rel}","templated":true}]}}