{"id":9127,"date":"2021-08-16T08:14:13","date_gmt":"2021-08-16T08:14:13","guid":{"rendered":"https:\/\/www.schellhammerinstitute.com\/?p=9127"},"modified":"2024-10-14T10:38:51","modified_gmt":"2024-10-14T10:38:51","slug":"die-gabe-des-heiligen-grals","status":"publish","type":"post","link":"https:\/\/www.schellhammerinstitute.com\/es\/die-gabe-des-heiligen-grals\/","title":{"rendered":"Die Gabe des Heiligen Grals"},"content":{"rendered":"<p>Der Zustand der Menschheit, dokumentiert vom G\u00f6ttlichen Gesandten.<\/p>\n<p>Ich m\u00f6chte mich Ihnen vorstellen. En 2009 fund\u00e9 la Schellhammer Business School, la primera escuela de negocios de habla inglesa en Espa\u00f1a, con m\u00e1s de 400 estudiantes de m\u00e1s de 60 pa\u00edses y 5 continentes. <span style=\"text-decoration: underline;\">Meine Mission und Leidenschaft damals und heute und seit \u00fcber 50 Jahren ist Bildung<\/span>. Una educaci\u00f3n progresiva que permite a cada persona vivir en armon\u00eda con la vida y desarrollar sus 22 funciones mentales de forma positiva, creativa y productiva.<\/p>\n<p>Como psic\u00f3logo, catedr\u00e1tico, en los numerosos estudios universitarios y profesionales de psicolog\u00eda, en mi escuela de la vida o en la Academia de Desarrollo de la Perspectiva en Friburgo y Zurich, as\u00ed como en los 45 libros que he publicado, me sorprende que el ser humano s\u00f3lo con una educaci\u00f3n sistem\u00e1tica, el alma, el cuerpo y, sobre todo, la naturaleza, pueda crecer, crecer y desarrollarse. Me refiero a la met\u00e1fora de los \"Santos Griales\", para describir la actitud que todo hombre adopta cuando est\u00e1 dispuesto a recorrer conmigo este camino de formaci\u00f3n.<\/p>\n<p>\u00a1Esta es la \u00faltima oportunidad! \u00a1H\u00f6ren Sie mir zu! \u00a1Aprenda de m\u00ed! \u00a1Lassen Sie uns gemeinsam das dringend ben\u00f6tigte globale Gleichgewicht erreichen! Para que las personas puedan crear un restablecimiento completo, basado en los valores arquet\u00edpicos. Para un desarrollo humano cada vez m\u00e1s profundo, basado en el ser humano y no en la tecnolog\u00eda. La humanidad necesita una comprensi\u00f3n global de la naturaleza y la vida para un futuro a largo plazo. En el desarrollo arquet\u00edpico de la humanidad se han desarrollado nuevas formas de vida para lograr la paz.<\/p>\n<p><strong>Mi nueva Red se centra en 6 temas globales<\/strong><\/p>\n<ol>\n<li>Formaci\u00f3n profesional<\/li>\n<li>Los herederos, sus derechos y los nuevos cargos directivos que deben cumplir el \"derecho a la libertad\".<\/li>\n<li>Wirtschaft und Industrie wurzeln in grenzenloser Arroganz, Gier und Borniertheit<\/li>\n<li>Religi\u00f6se Unterwerfung seit Jahrtausenden<\/li>\n<li>Hoy hay millones de personas y en 20 \u00f3 30 a\u00f1os m\u00e1s<\/li>\n<li>Las leyes y principios del desarrollo humano<\/li>\n<\/ol>\n<p><strong>1. \u00d6ffentliche Bildung - Bildung f\u00fcr die Welt<\/strong><\/p>\n<p>Las personas, ya sea en Europa, Am\u00e9rica, \u00c1frica o en el Lejano Oriente, no saben qu\u00e9 hacen en este planeta.<br \/>\nDesde hace siglos, las personas han sido maltratadas, maltratadas, maltratadas, maltratadas, maltratadas, maltratadas, maltratadas y maltratadas.<br \/>\nHeute m\u00fcssen mehr denn je globale Ver\u00e4nderungen hin zu einer neuen Welt mit archetypischer menschlicher Entwicklung aufgebaut werden.<br \/>\nExiste un camino claro para el desarrollo humano: El hombre debe aprender de las buenas letras, recibir ayuda para su aprendizaje y su vida, para su desarrollo interior, para mejorar sus 22 funciones espirituales y, por este camino tan largo, desarrollar, desarrollar y mejorar su conocimiento cr\u00edtico.<br \/>\nHoy en d\u00eda, las personas tienen m\u00e1s posibilidades de aprender que nunca.<br \/>\nNicht st\u00e4ndig zu lernen, um ein tieferes Verst\u00e4ndnis zu erlangen, warum wir auf diesem Planeten sind und was es bedeutet, ein Mensch zu sein, ist offen gesagt kriminell und dient nur dazu, das Chaos, das die Menschheit geschaffen hat, aufrechtzuerhalten.<br \/>\nUna vida en la que se aprenden las virtudes humanas, se desarrolla el sentido del amor, se practica la inteligencia espiritual, la contemplaci\u00f3n, la meditaci\u00f3n y el sentido de la vida, conduce a una vida m\u00e1s plena.<br \/>\nLas personas deben fomentar la educaci\u00f3n en todos los \u00e1mbitos.<br \/>\nLa formaci\u00f3n profesional debe dirigirse a las personas y no a los gobiernos o las empresas.<br \/>\nLas personas deben controlar los factores de riesgo en el sistema educativo.<br \/>\nDie \u00f6ffentliche Bildung ist derzeit verlogen, starr, einseitig und oberfl\u00e4chlich.<br \/>\nNadie puede ni debe utilizar estos antiguos sistemas.<br \/>\nLas personas s\u00f3lo pueden interesarse por los m\u00e9todos pedag\u00f3gicos si se fomentan otras \u00e1reas del ser humano.<br \/>\nEn todo el mundo es necesario un nuevo y m\u00e1s amplio enfoque de la educaci\u00f3n y el desarrollo de todas las funciones mentales.<\/p>\n<p><strong>2. F\u00fchrungskr\u00e4fte, die sich das Recht auf F\u00fchrung verdienen m\u00fcssen<\/strong><\/p>\n<p>La ciencia nos ense\u00f1a que, desde hace siglos, los seres humanos han estudiado las leyes m\u00e1gicas, las creencias, las creencias y los comportamientos.<br \/>\nEsto se aplica tambi\u00e9n a los presidentes, ministros, reyes, gobernantes, tiranos, autoridades religiosas, dirigentes econ\u00f3micos, etc\u00e9tera.<br \/>\nEl problema es: Desde hace 7.000 a\u00f1os hasta hoy, todos han tenido los mismos problemas.<br \/>\nDesde hace a\u00f1os, los Herrscher se preguntan a s\u00ed mismos si est\u00e1n satisfechos o no.<br \/>\nEngstirniger Geist und Verstand zerst\u00f6ren immer die Entwicklung der Menschheit, w\u00e4hrend offener Geist und Verstand Wunder bewirken k\u00f6nnen.<br \/>\nAs\u00ed es la psique de estos hombres: Primitivo, arcaico, egoc\u00e9ntrico, perverso, vers\u00e1til y ofensivo desde hace siglos.<br \/>\nDesde hace varios a\u00f1os, los alemanes son los m\u00e1s pobres del mundo. Sie haben weltweit V\u00f6lkermorde begangen.<br \/>\nHan violado, violado y violado a todos los pueblos y culturas.<br \/>\nTodos los tipos de partidos dem\u00f3cratas y no dem\u00f3cratas han luchado por el bienestar y la reducci\u00f3n de los recursos.<br \/>\nLos habitantes del oeste no son como antes de 3.000 o 7.000 a\u00f1os.<br \/>\nViele Herrscher haben riesige Gebiete vieler L\u00e4nder zerst\u00f6rt, Millionen von Menschen get\u00f6tet, ganze Nationen zerrissen, Menschenmassen missbraucht und unterworfen.<br \/>\nDesde hace 500 a\u00f1os, el hombre occidental no ha cambiado la estrategia, sino s\u00f3lo los m\u00e9todos.<br \/>\nDie allm\u00e4chtigen \"b\u00f6sen Titanen\", versteckt hinter den Vorh\u00e4ngen, finden uners\u00e4ttliche Genugtuung, alles zu zerst\u00f6ren, was ihnen nicht gehorcht, zu t\u00f6ten, Kriege zu provozieren, zu drohen und Sanktionen zu verh\u00e4ngen.<br \/>\nLa cooperaci\u00f3n est\u00e1 siempre en su orden del d\u00eda, para que todos los seres humanos puedan cumplir su \"misi\u00f3n personal\".<br \/>\nDie Regierung ist vom Volk getrennt; arbeitet im eigenen Interesse.<br \/>\n\u00bfHan vivido 108 millones de personas en este planeta y qu\u00e9 han hecho hasta ahora? Nada.<br \/>\nLas \"noticias falsas\" son difundidas por los pol\u00edticos casi siempre en forma de l\u00edneas verdes como propaganda en los medios de comunicaci\u00f3n de masas.<br \/>\n\u00a1L\u00fcgen, um mehr L\u00fcgen zu verdecken!<br \/>\nEl mundo necesita urgentemente una nueva generaci\u00f3n de funcionarios de alto nivel.<br \/>\nNo hay salida a la extinci\u00f3n universal de todos los sistemas en todos los pa\u00edses, comunidades y planetas.<br \/>\nLos gobiernos, la econom\u00eda, la educaci\u00f3n estatal, las religiones y las personas son los principales responsables del cambio hasta la actualidad.<br \/>\nAuf allen menschlichen Ebenen lodert Gier, macht s\u00fcchtig wie Kokain. Die Abwesenheit von Geist und Liebe ist der Modus vivendi.<br \/>\nEs an der Zeit, ein Netzwerk einer neuen globalen seelisch-geistigen Bewegung f\u00fcr die menschliche Entwicklung aufzubauen.<br \/>\nLos hombres deben ser conscientes de que cada uno de ellos es un ser f\u00edsico, energ\u00e9tico y espiritual.<br \/>\nDer Politik und ihren Titanen-Bossen soll nicht weiter erlaubt sein, Schmerzen und Leiden \u00fcber die unabdingbaren rechtlichen Parameter hinaus zu verursachen.<br \/>\nDurante los \u00faltimos 100 a\u00f1os o m\u00e1s, la humanidad debe reparar los da\u00f1os causados por la ira durante siglos; debe sanar, curar, rejuvenecer, volver a disfrutar, aprender, comprender, mejorar y crear nuevas cosas.<br \/>\nUna nueva gesti\u00f3n mundial del estr\u00e9s con los mismos valores arquet\u00edpicos humanos es la \u00fanica salida de la crisis mundial.<br \/>\nLa ONU debe confrontar un nuevo papel global de las \"naciones libres\" con los \"valores arquet\u00edpicos de la persona\".<br \/>\nTodos los sistemas de gobierno actuales han ignorado y menospreciado la historia de 2.400 a\u00f1os de los derechos humanos.<br \/>\nDebe adoptarse una nueva definici\u00f3n y fundamento de los \"derechos humanos\" en todo el mundo.<br \/>\nUn nuevo sistema de l\u00edder solidario y solidario, con un esp\u00edritu y una vida sanos, debe ser global y evolucionar de forma positiva.<br \/>\nUna nueva visi\u00f3n del hombre, del desarrollo humano y de la vida humana debe marcar el rumbo del mundo.<br \/>\nUna nueva interpretaci\u00f3n de las relaciones entre el planeta y el hombre debe dar lugar a un nuevo significado.<br \/>\nEs bedarf einer unglaublichen, beispiellosen kollektiven Kraft seitens aller V\u00f6lker, um eine totale globale Unterwerfung, weitere Kriege und Elend zu verhindern.<br \/>\nMillones de personas deben seguir el ejemplo del arquetipo.<br \/>\nSi esto falla, la humanidad permanecer\u00e1 durante 1.000 a\u00f1os o m\u00e1s a merced de los da\u00f1os causados por el agua, el aire, el cuerpo y el agua.<br \/>\n\u00bfA qui\u00e9n le interesan los temas relacionados con la salud y el bienestar en los pa\u00edses del Este?<br \/>\nNiemand braucht ein Europa, das den USA oder sonst wem unterworfen ist.<br \/>\nDas ultimative Europa ist \"Freiheit und Menschlichkeit\" basierend auf den \"heiligen\" archetypischen Regeln\".<\/p>\n<p><strong>3. Wirtschaft und Industrie wurzeln in grenzenloser Arroganz, Gier und Borniertheit<\/strong><\/p>\n<p>Der Verbrauch von Ressourcen, ohne sie zu ersetzen, wird der Menschheit, wie wir sie verstehen, ein Ende setzen.<br \/>\n\u00bfQui\u00e9n est\u00e1 interesado en la protecci\u00f3n del medio ambiente o en el uso de recursos h\u00eddricos regalados?<br \/>\n\u00bfQui\u00e9n est\u00e1 interesado en el mercado de pl\u00e1stico, que afectar\u00e1 a las pr\u00f3ximas generaciones?<br \/>\n\u00bfQui\u00e9n se preocupa por la vida y el esp\u00edritu?<br \/>\nExtremer Raubbau an Ressourcen, Meeresfr\u00fcchten, Fischen, Fr\u00fcchten sowie industrieller Fleisch- und Gefl\u00fcgelproduktion.<br \/>\nKohlebergbau und Pestizide sind f\u00fcr \u00fcber 800'000 vorzeitige Todesf\u00e4lle pro Jahr verantwortlich; Millionen weitere werden schwer verletzt.<br \/>\nEs gibt nicht mehr viel gesunden Boden f\u00fcr die Menschheit.<br \/>\nCada a\u00f1o, algunos pa\u00edses experimentan problemas medioambientales (externalidades negativas) por valor de miles de millones de euros.<br \/>\nWeltweite Wasservorkommen tief im Boden werden zunehmend kontaminiert, was zu kontaminierten B\u00f6den und Leben f\u00fchrt.<br \/>\nLa muerte de millones de personas ya se ha producido.<br \/>\nCada a\u00f1o se extraen millones de toneladas de pescado de los oc\u00e9anos.<br \/>\nDer Verlust von Ackerland durch Klimawandel und \u00dcbernutzung verringert die Lebensmittelqualit\u00e4t weltweit.<br \/>\nNegative Externalit\u00e4ten des Bergbaus (Toxine, vergiftetes Land, Wasser, Sand) verursachen weltweit immense Bedrohungen.<br \/>\nS\u00f3lo se han regalado algunos billetes.<br \/>\nDie meisten nat\u00fcrlichen Ressourcen werden exorbitant \u00fcbernutzt.<br \/>\nLas amenazas a la naturaleza se prolongar\u00e1n durante 500 a\u00f1os o m\u00e1s para las generaciones venideras.<br \/>\nLos efectos secundarios de la contaminaci\u00f3n causada por el hombre conducen a efectos adversos duraderos que provocan enfermedades y trastornos graves.<br \/>\nDie geistigen F\u00e4higkeiten erodieren.<br \/>\nLos da\u00f1os causados a los Estados miembros por la interrupci\u00f3n de los procesos de paz, que afecta en gran medida a la poblaci\u00f3n, se cifran en miles de millones de euros.<br \/>\nEinige Konzerne werden wahnsinnig reich, w\u00e4hrend \u00fcber 90 % der Weltbev\u00f6lkerung f\u00fcr immer arm bleiben.<br \/>\n\u00bfC\u00f3mo ser\u00e1n los empleos del futuro? \u00bfAd\u00f3nde ir\u00e1n a parar los miles de millones de inmigrantes?<br \/>\nLos productos de origen humano, animal, pesquero e industrial, as\u00ed como los productos farmac\u00e9uticos, se mezclan con la carne y encuentran su camino de vuelta en los seres humanos. Los oc\u00e9anos y las aguas se distribuyen.<br \/>\nJeder kann leicht tausende weitere Beispiele f\u00fcr diesen giftigen Wirtschaftswahn finden.<br \/>\n\u00a1Denken Sie an die Menge an Plastik auf Ihrem Teller!<\/p>\n<p><strong>La econom\u00eda y los complejos industriales se convierten en futuros futuros gobernantes<\/strong><\/p>\n<p>Debemos conseguir una facturaci\u00f3n de 10 millones en 30 a\u00f1os.<br \/>\nY un mill\u00f3n m\u00e1s en 12-14 a\u00f1os, hasta 12 millones al final de este siglo.<br \/>\nCon otras palabras: Cada a\u00f1o, 1.000.000 de productos diferentes se destinan a satisfacer las necesidades y deseos de millones de personas de entre 9 y 12 millones. Menschen ben\u00f6tigt.<br \/>\n\u00a1Ohne menschliche Werte! \u00bfPuede funcionar?<br \/>\nEsto es imposible. En todos los \u00e1mbitos de la vida se deben fabricar y distribuir millones de productos en todo el mundo.<br \/>\nIn 10-30 Jahren wird die westliche Welt nur noch 5-7 % der Weltbev\u00f6lkerung ausmachen.<br \/>\nAlle Systeme sind nahe davor auseinanderzubrechen. \u00bfEs sorprendente que \"Occidente\" est\u00e9 en peligro?<br \/>\nLa humanidad est\u00e1 en el mejor camino para salir de este planeta. El Oeste puede superar al Oeste, pero ser\u00e1 el fin del mundo occidental; y el Oeste puede superarlo, pero a un precio muy alto.<\/p>\n<p><strong>Das Schlimmste ist schon im Anmarsch:<\/strong><\/p>\n<p>6 millones de personas viajar\u00e1n a Estados Unidos y Europa; 5 millones se quedar\u00e1n en el extranjero y el resto s\u00f3lo tardar\u00e1 un poco m\u00e1s en llegar. La humanidad en su conjunto se encuentra inmersa en una desintegraci\u00f3n insoportable.<br \/>\nEs probable que las econom\u00edas y los complejos industriales occidentales deban controlar todos los factores perjudiciales y no perjudiciales que existen en este planeta.<br \/>\nEs ist alles von Menschen gemacht.<br \/>\nLos hombres controlan sus sistemas. El hombre controla su sistema. Los hombres se transforman. Los seres humanos destruyen a otros seres humanos, destruyen su propio pueblo, etc.<br \/>\nDie Menschen fressen sich gegenseitig auf.<br \/>\nTambi\u00e9n podemos decir que los hombres, y sobre todo las mujeres, han provocado el caos mundial con todas sus guerras y violaciones.<br \/>\nEl conjunto de los sistemas econ\u00f3micos del planeta est\u00e1 controlado y mal gestionado por los hombres.<br \/>\nLos miles de millones de d\u00f3lares destinados a unir el mundo son obra de hombres. El hombre es hasta ahora una especie \u00fanica.<br \/>\nDie Weltwirtschaft dient einigen Gr\u00f6\u00dfenwahnsinnigen und nie der archetypischen menschlichen Entwicklung.<br \/>\nSin embargo, no sabemos por qu\u00e9 8 millones de personas viven en este planeta.<br \/>\nDie Menschen werden mit Angst geboren, gefangen in einem Labyrinth ohne Ausgang.<br \/>\nUnd die Regierungen verwandelten sich in schwache und eigenn\u00fctzige Feiglinge.<br \/>\nDesde hace siglos y siglos, la mayor\u00eda de las herederas de todo el mundo no son otra cosa que la monstruosa y misteriosa monstruo que se esconde tras su gloriosa fachada.<br \/>\n\u00bfEst\u00e1n las ra\u00edces de este monstruo en la religi\u00f3n?<\/p>\n<p><strong>4. Religi\u00f6se Unterwerfung seit Jahrtausenden<\/strong><\/p>\n<p>Hasta ahora, las religiones no han incluido ning\u00fan concepto arquet\u00edpico del desarrollo humano.<br \/>\nA lo largo de los \u00faltimos siglos, las religiones institucionalizadas han comenzado a crear pautas, plegamientos y encadenamientos inamovibles, y a despojarse de su gloria en nombre de Dios.<br \/>\nNo existen pruebas aut\u00e9nticas que demuestren que los profetas (desde hace m\u00e1s de 3.000 a\u00f1os) han seguido el mismo camino.<br \/>\nDe hecho, el cristianismo ha a\u00f1adido al juda\u00edsmo textos del Antiguo Testamento.<br \/>\nMohammed hat sich mit seinem Abraham in denselben \"Club\" begeben - \"Der Dritte in Abrahams Club\"<br \/>\nNo existen textos primarios de la Sagrada Escritura. Wesentliche Unwahrheiten wurden festgehalten und verzerrt.<br \/>\nLa Biblia fue escrita por muchas personas desconocidas con distintos puntos de vista.<br \/>\nLa traducci\u00f3n conduce siempre a la interpretaci\u00f3n. Las personas (hombres y sacerdotes) escriben su versi\u00f3n de los \"textos sagrados\".<br \/>\n\u00bfQu\u00e9 ha motivado a estos antiguos influencers? \u00bfQui\u00e9n les ha motivado tanto y de qu\u00e9 manera?<br \/>\nDas Alte und das Neue Testament sind vollst\u00e4ndig das Werk nachfolgender (unbekannter) Autoren, stark aufgeblasen, verzerrt, um der Agenda der Auftraggeber zu dienen.<br \/>\nLas im\u00e1genes y los textos \"m\u00e1gicos\" ponen de manifiesto el esp\u00edritu arcaico y contempor\u00e1neo de los autores.<br \/>\n\u00bfC\u00f3mo era su estado de \u00e1nimo en los \u00faltimos 2.000 a 3.000 a\u00f1os?<br \/>\nIhr Geisteszustand basierte damals wie heute immer auf dem Geldfluss und der Versklavung unwissender Gl\u00e4ubiger.<br \/>\nAlgunos textos son redacciones creativas, correcciones y correcciones, peque\u00f1as y grandes modificaciones.<br \/>\n\u00bfPor qu\u00e9 quiere Dios que las mujeres le obedezcan? \u00bfQuiere Dios las \"Aleluyas\"? \u00bfPor qu\u00e9 quieren los hombres Ave Mar\u00edas e himnos a Jes\u00fas?<br \/>\n\u00bfPor qu\u00e9 los hombres de la Iglesia? \u00bfPor qu\u00e9 se les llama \"H\u00e4user Gottes\"?<br \/>\nDas Gebet hat eine magische pers\u00f6nliche meditative Wirkung; nicht um, einen rachs\u00fcchtigen Gott zu loben und um kindliche Vergebung zu bitten.<br \/>\nLeyendas, alegor\u00edas, palabras m\u00e1gicas, leyendas, cuentos, leyendas, di\u00e1logos, mitolog\u00eda y leyenda: \u00bfCu\u00e1l es aqu\u00ed la \"religi\u00f3n sagrada\"?<br \/>\nNo sabemos nada sobre \"Jes\u00fas\". Sin embargo, los sacerdotes de las iglesias siempre dicen: \"Y Jes\u00fas dijo...\"<br \/>\nEstos son miles de consejos pr\u00e1cticos, s\u00f3lo para que los aprendan. Die Menschheit geht in den Schuhen von Kindern und folgt naiv der Magie.Es gibt kein \"Heiliges Buch\", das Kinder und Frauen, Arme und Unterworfene sch\u00fctzt.<br \/>\nNo hay respuesta posible a una palabra o a una conversaci\u00f3n con Dios. El deseo de una respuesta de Dios hace que los hombres se sientan mal.<br \/>\nDar\u00fcber sollten Sie nachdenken. Religionen sind ein System manischen Zwanges, Werkzeuge zu Unterwerfung, Ausbeutung und Missbrauch.<\/p>\n<p><strong>La historia de las religiones<\/strong><\/p>\n<p>6 millones de personas creen en un Dios con ideas muy diferentes.<br \/>\n\u00bfTenemos la paz en el mundo? 2,4 Milliarden Christen + 1,8 Milliarden Muslime + 30 Millionen Juden beten zu ein und demselben Gott.<br \/>\n\u00bfHan conseguido la paz? \u00bfCu\u00e1ntas personas en el mundo han alcanzado la paz interior?<br \/>\nLa historia se basa en m\u00e1s de 5.000 a\u00f1os de ideas sobre Dios y los dioses que son m\u00e1gicas. \u00bfTenemos la paz?<br \/>\nExisten Universidades, que fueron creadas por una Religi\u00f3n, pero \u00bfhace y fomenta Dios a estas Instituciones con especial Sabidur\u00eda y Verdad? Er tut es nicht.<br \/>\n\u00bfLa vida acad\u00e9mica se basa siempre en \"viejas ideas\" o se basa en la espiritualidad y la paz?<br \/>\nMillones de misioneros predicen sus logros psicol\u00f3gicos. Und wir haben keinen Frieden.<br \/>\nBuda no pudo lograr la paz. Desde hace siglos, las personas siguen un camino espiritual falso. \u00bfEs verdad?<br \/>\nEl pueblo jud\u00edo no pudo lograr la paz en Oriente Pr\u00f3ximo.<br \/>\nJesus Christus und das Christentum konnten weder gestern noch heute f\u00fcr globalen Frieden sorgen. \u00bfEs el Kruzifix la paz o es una sutil provocaci\u00f3n del odio y la violencia?<br \/>\nTampoco el profeta Mahoma pod\u00eda traer la paz a la Tierra.<br \/>\nEn los \u00faltimos 3.000 a\u00f1os, 100.000 sabios no pudieron hacer nada por la paz.<br \/>\nLos discursos religiosos, que se practican desde hace siglos en las naciones ricas y arenas, son la apuesta m\u00e1s perversa de la historia de la humanidad, orquestada por los gobiernos, los bancos, la educaci\u00f3n y la religi\u00f3n.<br \/>\n\u00a1Heute gibt es immer noch keinen Frieden auf Erden! \u00a1Irgendetwas muss mit all diesen Religionen v\u00f6llig falsch sein!<br \/>\n\u00bfPor qu\u00e9 las personas no tienen preguntas y por qu\u00e9 no responden a las mismas en el interior?<\/p>\n<p><strong>Una palabra de los \"hombres\" para el mundo:<\/strong><\/p>\n<p>Desde hace 40 a\u00f1os, he le\u00eddo muchas historias sobre el futuro de la humanidad y el Armaged\u00f3n que el hombre ha provocado. Viele Tr\u00e4ume zeigten mir die Wurzeln des menschlichen Versagens in allen menschlichen Systemen seit Jahrtausenden.<br \/>\nTambi\u00e9n ten\u00eda cientos de pensamientos sobre Dios, el otro mundo, mi misi\u00f3n anterior a 2000 a\u00f1os y mi misi\u00f3n actual. En Tr\u00e4umen erhielt ich von Gott die \"Vollmacht\" mit den Worten: \"\u00a1Toma toda la fuerza de Dios que te he dado!\"<br \/>\nEsto es lo que hay ahora: si sigues avanzando y los complejos arquetipos de la evoluci\u00f3n humana desaparecen, te enviar\u00e9 a todos a un planeta muy feliz durante 200.000 a\u00f1os. Todos tienen su misi\u00f3n: \"\u00a1La Era Arcaica debe terminar ahora!\"<br \/>\nDazu geh\u00f6ren die Globalisten, die verr\u00fcckten Titanen, die zynischen Regierungen, auch religi\u00f6se und andere Autorit\u00e4ten sowie diejenigen (WEF), die das \"krankmachende Covid-Theater\" geschaffen haben.<\/p>\n<p><strong>5. Hoy hay millones de personas y muchas m\u00e1s en 20-30 a\u00f1os<\/strong><\/p>\n<p>Viele Menschen sind gefr\u00e4\u00dfig, gierig, feige, arrogant und wertlos.<br \/>\nHasta 90% de las personas viven con absurdos pensamientos m\u00e1gicos. Angst, Panik und Schuldgef\u00fchle sind die perfekte Vorgabe f\u00fcr staatliche Kontrolle.<br \/>\nPor otra parte, la mayor\u00eda de las personas son incapaces de comprender, no tienen ideas y, por lo tanto, son tontas e ignorantes.<br \/>\nLa mayor\u00eda de las personas no tienen un conocimiento profundo de la educaci\u00f3n. La mayor\u00eda de las personas carecen de una identidad profunda y aut\u00e9ntica.<br \/>\nLa mayor\u00eda de los hombres son buenos y malos: 7.000 a\u00f1os de diferencia.<br \/>\nEsto significa que, desde hace siglos, todos ellos son Sklaven. La mayor\u00eda de la gente no sabe si su vida es buena.<br \/>\nDie Menschheit hat in 7'000 Jahren nicht gelernt, sich zu entwickeln.<br \/>\nEl sistema mental del ser humano ha sido desarrollado durante siglos por investigadores para su uso.<br \/>\nHoy en d\u00eda, los medios de comunicaci\u00f3n de masas son la herramienta para gobernar el mundo.<br \/>\nNo existe ninguna religi\u00f3n que impida la protecci\u00f3n de los ni\u00f1os y los j\u00f3venes.<br \/>\nResultados: Neurotiker, Psychopathen, perverse Aberrationen, kollektive Neurosen und viel Leid.<br \/>\n\"Werdet wie die Kinder\", naiv und brav, ist der Rat zur Erl\u00f6sung.<br \/>\nWei\u00df jemand, was echte \"Erl\u00f6sung\" ist?<br \/>\nDesde hace m\u00e1s de 7.000 a\u00f1os, todos los sistemas mec\u00e1nicos han superado sus propios problemas.<br \/>\nUn breve repaso hist\u00f3rico nos muestra que los gobiernos actuales son tan d\u00e9biles como hace 7.000 a\u00f1os.<br \/>\nLos antiguos modelos de gobierno, que necesitan un cambio, deben ser sustituidos por nuevos directivos con la formaci\u00f3n adecuada.<br \/>\n65 % der verantwortlichen Staatsf\u00fchrer sind Versager.<br \/>\nLos funcionarios de prisiones deben recibir una formaci\u00f3n m\u00e1s profunda y una comprensi\u00f3n m\u00e1s profunda del concepto de \"derecho a la libertad\".<br \/>\nUn veterano de la pol\u00edtica o un jefe de estado que se esfuerza por conseguir lo que se propone, requiere habilidad, competencia, conocimiento y espiritualidad para el desarrollo arquet\u00edpico del ser humano.<br \/>\nDas geheime politische Drehbuch ist unglaublich alt: \"\u00a1Unterjocht das Volk! Nutzt es aus!\"<br \/>\nDie gebrochenen Geister und Seelen gehorchen ohne Widerstand. Kaum jemand sieht die neue diktatorische Religion.<br \/>\nLos Gobiernos son z\u00edngaros, pero los ciudadanos ven a sus \"enemigos\" cada vez m\u00e1s ciegos, y esto desde hace siglos.<br \/>\nEn muchas sociedades (\u00a1incluso en el Occidente m\u00e1s libre y civilizado!), el poder pol\u00edtico puede marcar una tendencia pol\u00edtica y alentar al pueblo a entrar en la guerra.<br \/>\nWir wissen, dass Gesetze f\u00fcr diktatorische Macht geschaffen k\u00f6nnen.<br \/>\nSabemos que es posible manipular los resultados estad\u00edsticos de cualquier sistema y de cualquier zona (modificada). La mayor\u00eda de la gente se deja enga\u00f1ar.<br \/>\nWir wissen, Macht l\u00fcgt, verzerrt alles nur um des Raubes willen, um andere L\u00e4nder zu zerst\u00f6ren, das eigene Volk zu zerst\u00f6ren und Diktaturen zu installieren unter dem Vorwand des Schutzes, der Gesundheit, der Ern\u00e4hrung, eines Virus oder eines Feindes \"vor den Toren\".<br \/>\nDie Geschichte bietet uns unz\u00e4hlige Beispiele.<br \/>\nWenn wir die gro\u00dfen Kriege der letzten 7'000 Jahre betrachten, sehen wir, dass aus Freunden Feinde werden, Feinde gekauft werden, Heuchler und Helfer auch und insgesamt ist Verrat allgegenw\u00e4rtig.<br \/>\nLos hombres entienden el efecto de las guerras, incluso contra su propio pueblo, s\u00f3lo cuando son demasiado duras. Los guerreros no se dejan vencer.<br \/>\nSo unterjochen die M\u00e4chtigen seit Jahrausenden ganze Kontinente.<br \/>\nSie hatten nie ein Problem damit, viele Millionen ihrer eigenen B\u00fcrger zu t\u00f6ten.<br \/>\nLos mayores golpes de Estado de la historia nos muestran a los \"titanes\" m\u00e1s salvajes entre los gobernantes.<br \/>\n\"Sodoma y Gomorra\" es el s\u00edmbolo mitol\u00f3gico.<br \/>\nEn las grandes guerras de los \u00faltimos 7.000 a\u00f1os, C\u00e4saren, Kaiser y K\u00f6nige han sido siempre comandantes en jefe.<br \/>\nMillones de personas resultaron afectadas, entre ellas beb\u00e9s, ni\u00f1os, j\u00f3venes y, sobre todo, mujeres y personas mayores.<br \/>\n\u00bfFueron estos gobernantes, en su d\u00eda, impulsados por la pol\u00edtica a la reconstrucci\u00f3n?<br \/>\n\u00a1Noch nie! Aber Geschichtsb\u00fccher verherrlichen sie als Helden.<\/p>\n<p>Es una pregunta dif\u00edcil de responder: \u00bfQu\u00e9 fue lo que ocurri\u00f3 cuando los gobiernos, en lugar de luchar contra el terrorismo y la guerra, se convirtieron y se convirtieron, durante siglos, en los titanes de la oscuridad con su enorme capacidad financiera?<br \/>\nDaneben bleibt die Frage: Welche Menschen (an der Macht) sind immer wieder die Brandstifter, die heimlich mit Religion, Nationalismus etc. als Vorwand, die Z\u00fcndschnur planen und anz\u00fcnden?<br \/>\nEstos reg\u00edmenes y titanes irlandeses nos plantean m\u00e1s preguntas desde hace a\u00f1os y nos dan respuestas:<br \/>\n\u00bfQui\u00e9n ayuda a las autoridades a resolver los conflictos, a cumplir las leyes, a superar el desarrollo de los pueblos, a aislar a los ni\u00f1os, los j\u00f3venes y los adultos y a proteger los derechos de las personas mayores y de los trabajadores, etc.?<br \/>\nEl reconocimiento de los arquetipos b\u00e1sicos y antiguos del \"hombre\", como beb\u00e9, ni\u00f1o, joven, adolescente, madre, padre, mujer, hombre, mujer (etc.), es una violaci\u00f3n de la naturaleza humana.<br \/>\n\u00bfQui\u00e9n quiere que los j\u00f3venes que han perdido estos arquetipos y otros principios del desarrollo humano se recuperen?<\/p>\n<p><strong>6. Las leyes y principios del desarrollo humano<\/strong><\/p>\n<p><strong>En primer lugar, debe crearse una nueva generaci\u00f3n de funcionarios de enlace:<\/strong><\/p>\n<p>1) Con pr\u00e4- und postnataler Entwicklung auf einer gesunden Grundlage.<br \/>\n2) Se basa en el nuevo concepto arquet\u00edpico del desarrollo humano.<br \/>\n3) Se basa en el nuevo concepto de desarrollo interior aut\u00f3nomo y participativo.<br \/>\n4) Con instalaciones objetivas y personalizadas para todos los usos.<\/p>\n<p><strong>En segundo lugar, debe surgir una nueva generaci\u00f3n de trabajadores sociales para toda la humanidad:<\/strong><\/p>\n<p>1) Zuverl\u00e4ssig, transparent, nachvollziehbar, objektiv, verantwortungsbewusst.<br \/>\n2) Stark und ausgewogen bei der Entscheidungsfindung im Interesse des Volkes.<br \/>\n3) Grunds\u00e4tzlich im Dienste des Volkes, was echte Zusammenarbeit bedingt.<br \/>\n4) Se basa en una unidad de seguridad totalmente desarrollada con un peso interior estable y flexible.<br \/>\n5) Guiado por la pr\u00e1ctica, los ejercicios y la meditaci\u00f3n, a menudo con ayuda.<\/p>\n<p>Es decir, en 10 puntos:<\/p>\n<ol>\n<li>Una nueva visi\u00f3n de las enfermedades prenatales y postnatales.<\/li>\n<li>Un nuevo concepto de hombre y desarrollo humano.<\/li>\n<li>Eine neue Definition und Grundlage menschlicher Werte.<\/li>\n<li>Una nueva forma de hablar y de entender el pecado.<\/li>\n<li>Una nueva dimensi\u00f3n de la formaci\u00f3n oficiosa en todos los \u00e1mbitos.<\/li>\n<li>Un nuevo an\u00e1lisis de las relaciones entre el planeta y la humanidad.<\/li>\n<li>Una nueva visi\u00f3n de los principios econ\u00f3micos ausentes.<\/li>\n<li>Una nueva visi\u00f3n de la lucha y la gesti\u00f3n de riesgos.<\/li>\n<li>Una nueva visi\u00f3n global de las interacciones m\u00faltiples.<\/li>\n<li>Una nueva visi\u00f3n de la vida, el hombre, la mujer, la familia, el padre, la madre, el ni\u00f1o, la juventud, la adolescencia y el \u00faltimo sentido de la vida.<\/li>\n<\/ol>\n<p><strong>Zuk\u00fcnftige Lebenswege - Grundlagen f\u00fcr zuk\u00fcnftige Lebensformen:<\/strong><\/p>\n<ul>\n<li>Systematisch Selbsterkenntnis betreiben.<\/li>\n<li>Gestionar el desarrollo de la visi\u00f3n global.<\/li>\n<li>3x t\u00e4glich 5-15 Minuten meditieren.<\/li>\n<li>Ein t\u00e4glicher Fokus auf die Traumbotschaften.<\/li>\n<li>Gesundheitsmanagement f\u00fcr K\u00f6rper und Geist.<\/li>\n<li>Lebenslanges Lernen, um das Leben besser zu meistern.<\/li>\n<li>La alta importancia de la igualdad de oportunidades.<\/li>\n<li>Ein tiefes Verst\u00e4ndnis der Liebe entwickeln.<\/li>\n<li>Experiencias internas de relaciones.<\/li>\n<li>Un compromiso real con los valores humanos.<\/li>\n<li>Hohes Bewusstsein und kritisches Denken teilen.<\/li>\n<li>Innen verwurzelt und zentriert leben und arbeiten.<\/li>\n<li>In den Archetypen der Seele verwurzelt leben.<\/li>\n<\/ul>\n<p>Hoy en d\u00eda no existe una evoluci\u00f3n sostenible para los seres humanos con el actual deterioro del planeta.<br \/>\nEl estado catastr\u00f3fico del planeta no permite la felicidad y el bienestar conjuntos.<br \/>\nLa ignorancia global de los sistemas del alma, el cuerpo y la mente ignora el interior del ser humano.<\/p>\n<p>Por un futuro mejor de la humanidad en este mundo:<br \/>\nNecesitamos una nueva definici\u00f3n y fundamento de las \"virtudes humanas\", que deben ser reconocidas en todo el mundo,<br \/>\nEin neues System zuverl\u00e4ssiger und solidarischer F\u00fchrer mit gesundem Geist und Seele,<br \/>\nUn nuevo concepto del hombre, del desarrollo humano y de la vida humana,<br \/>\nUn nuevo an\u00e1lisis de las relaciones entre el planeta y el hombre,<br \/>\nUna nueva versi\u00f3n de la educaci\u00f3n obligatoria y no obligatoria,<br \/>\nUna nueva visi\u00f3n de las enfermedades prenatales y postnatales con todas sus consecuencias,<br \/>\nUna nueva dimensi\u00f3n de la responsabilidad en la ciencia y la econom\u00eda con normas claras y austeras,<br \/>\nUna nueva relaci\u00f3n entre gobernanza, democracia y responsabilidad social,<br \/>\nUn nuevo entorno religioso con los \"principios\" de la \"vinculaci\u00f3n con el origen\".<\/p>\n<p>Esta nueva forma de conocer y entender la vida debe servir de gu\u00eda a toda la humanidad. Un grupo de \u00e9lites, l\u00edderes y candidatos a la presidencia debe fomentar el bienestar mundial.<\/p>","protected":false},"excerpt":{"rendered":"<p>Der Zustand der Menschheit, dokumentiert vom G\u00f6ttlichen Gesandten. Ich m\u00f6chte mich Ihnen vorstellen. 2009 gr\u00fcndete ich die \u201aSchellhammer Business School\u2018, die erste englischsprachige Business School in S\u00fcdspanien mit mittlerweile 400 Studenten aus \u00fcber 60 L\u00e4ndern und 5 Kontinenten. Meine Mission und Leidenschaft damals und heute und seit \u00fcber 50 Jahren ist Bildung. Eine wegweisende Bildung, [&hellip;]<\/p>\n","protected":false},"author":4,"featured_media":9115,"comment_status":"open","ping_status":"closed","sticky":false,"template":"","format":"standard","meta":{"saved_in_kubio":false,"_jetpack_memberships_contains_paid_content":false,"footnotes":""},"categories":[306,1],"tags":[304],"class_list":["post-9127","post","type-post","status-publish","format-standard","has-post-thumbnail","hentry","category-article","category-blog","tag-german"],"yoast_head":"<!-- This site is optimized with the Yoast SEO plugin v27.4 - https:\/\/yoast.com\/product\/yoast-seo-wordpress\/ -->\n<title>Die Gabe des Heiligen Grals | Schellhammer Institute<\/title>\n<meta name=\"robots\" content=\"index, follow, max-snippet:-1, max-image-preview:large, max-video-preview:-1\" \/>\n<link rel=\"canonical\" href=\"https:\/\/www.schellhammerinstitute.com\/es\/die-gabe-des-heiligen-grals\/\" \/>\n<meta property=\"og:locale\" content=\"es_ES\" \/>\n<meta property=\"og:type\" content=\"article\" \/>\n<meta property=\"og:title\" content=\"Die Gabe des Heiligen Grals | Schellhammer Institute\" \/>\n<meta property=\"og:description\" content=\"Der Zustand der Menschheit, dokumentiert vom G\u00f6ttlichen Gesandten. Ich m\u00f6chte mich Ihnen vorstellen. 2009 gr\u00fcndete ich die \u201aSchellhammer Business School\u2018, die erste englischsprachige Business School in S\u00fcdspanien mit mittlerweile 400 Studenten aus \u00fcber 60 L\u00e4ndern und 5 Kontinenten. Meine Mission und Leidenschaft damals und heute und seit \u00fcber 50 Jahren ist Bildung. Eine wegweisende Bildung, [&hellip;]\" \/>\n<meta property=\"og:url\" content=\"https:\/\/www.schellhammerinstitute.com\/es\/die-gabe-des-heiligen-grals\/\" \/>\n<meta property=\"og:site_name\" content=\"Schellhammer Institute\" \/>\n<meta property=\"article:publisher\" content=\"https:\/\/www.facebook.com\/schellhammerinstitute\" \/>\n<meta property=\"article:published_time\" content=\"2021-08-16T08:14:13+00:00\" \/>\n<meta property=\"article:modified_time\" content=\"2024-10-14T10:38:51+00:00\" \/>\n<meta property=\"og:image\" content=\"https:\/\/www.schellhammerinstitute.com\/wp-content\/uploads\/5991717.jpg\" \/>\n\t<meta property=\"og:image:width\" content=\"1920\" \/>\n\t<meta property=\"og:image:height\" content=\"1282\" \/>\n\t<meta property=\"og:image:type\" content=\"image\/jpeg\" \/>\n<meta name=\"author\" content=\"Dr. Eduard Schellhammer\" \/>\n<meta name=\"twitter:card\" content=\"summary_large_image\" \/>\n<meta name=\"twitter:label1\" content=\"Escrito por\" \/>\n\t<meta name=\"twitter:data1\" content=\"Dr. Eduard Schellhammer\" \/>\n\t<meta name=\"twitter:label2\" content=\"Tiempo de lectura\" \/>\n\t<meta name=\"twitter:data2\" content=\"17 minutos\" \/>\n<script type=\"application\/ld+json\" class=\"yoast-schema-graph\">{\"@context\":\"https:\\\/\\\/schema.org\",\"@graph\":[{\"@type\":\"Article\",\"@id\":\"https:\\\/\\\/www.schellhammerinstitute.com\\\/die-gabe-des-heiligen-grals\\\/#article\",\"isPartOf\":{\"@id\":\"https:\\\/\\\/www.schellhammerinstitute.com\\\/die-gabe-des-heiligen-grals\\\/\"},\"author\":{\"name\":\"Dr. Eduard Schellhammer\",\"@id\":\"https:\\\/\\\/www.schellhammerinstitute.com\\\/#\\\/schema\\\/person\\\/26a7f216f9085738595e7f3753546085\"},\"headline\":\"Die Gabe des Heiligen Grals\",\"datePublished\":\"2021-08-16T08:14:13+00:00\",\"dateModified\":\"2024-10-14T10:38:51+00:00\",\"mainEntityOfPage\":{\"@id\":\"https:\\\/\\\/www.schellhammerinstitute.com\\\/die-gabe-des-heiligen-grals\\\/\"},\"wordCount\":4145,\"commentCount\":0,\"publisher\":{\"@id\":\"https:\\\/\\\/www.schellhammerinstitute.com\\\/#organization\"},\"image\":{\"@id\":\"https:\\\/\\\/www.schellhammerinstitute.com\\\/die-gabe-des-heiligen-grals\\\/#primaryimage\"},\"thumbnailUrl\":\"https:\\\/\\\/www.schellhammerinstitute.com\\\/wp-content\\\/uploads\\\/5991717.jpg\",\"keywords\":[\"German\"],\"articleSection\":[\"Article\",\"Blog\"],\"inLanguage\":\"es\",\"potentialAction\":[{\"@type\":\"CommentAction\",\"name\":\"Comment\",\"target\":[\"https:\\\/\\\/www.schellhammerinstitute.com\\\/die-gabe-des-heiligen-grals\\\/#respond\"]}]},{\"@type\":\"WebPage\",\"@id\":\"https:\\\/\\\/www.schellhammerinstitute.com\\\/die-gabe-des-heiligen-grals\\\/\",\"url\":\"https:\\\/\\\/www.schellhammerinstitute.com\\\/die-gabe-des-heiligen-grals\\\/\",\"name\":\"Die Gabe des Heiligen Grals | Schellhammer Institute\",\"isPartOf\":{\"@id\":\"https:\\\/\\\/www.schellhammerinstitute.com\\\/#website\"},\"primaryImageOfPage\":{\"@id\":\"https:\\\/\\\/www.schellhammerinstitute.com\\\/die-gabe-des-heiligen-grals\\\/#primaryimage\"},\"image\":{\"@id\":\"https:\\\/\\\/www.schellhammerinstitute.com\\\/die-gabe-des-heiligen-grals\\\/#primaryimage\"},\"thumbnailUrl\":\"https:\\\/\\\/www.schellhammerinstitute.com\\\/wp-content\\\/uploads\\\/5991717.jpg\",\"datePublished\":\"2021-08-16T08:14:13+00:00\",\"dateModified\":\"2024-10-14T10:38:51+00:00\",\"breadcrumb\":{\"@id\":\"https:\\\/\\\/www.schellhammerinstitute.com\\\/die-gabe-des-heiligen-grals\\\/#breadcrumb\"},\"inLanguage\":\"es\",\"potentialAction\":[{\"@type\":\"ReadAction\",\"target\":[\"https:\\\/\\\/www.schellhammerinstitute.com\\\/die-gabe-des-heiligen-grals\\\/\"]}]},{\"@type\":\"ImageObject\",\"inLanguage\":\"es\",\"@id\":\"https:\\\/\\\/www.schellhammerinstitute.com\\\/die-gabe-des-heiligen-grals\\\/#primaryimage\",\"url\":\"https:\\\/\\\/www.schellhammerinstitute.com\\\/wp-content\\\/uploads\\\/5991717.jpg\",\"contentUrl\":\"https:\\\/\\\/www.schellhammerinstitute.com\\\/wp-content\\\/uploads\\\/5991717.jpg\",\"width\":1920,\"height\":1282,\"caption\":\"The Holy Grail Gift\"},{\"@type\":\"BreadcrumbList\",\"@id\":\"https:\\\/\\\/www.schellhammerinstitute.com\\\/die-gabe-des-heiligen-grals\\\/#breadcrumb\",\"itemListElement\":[{\"@type\":\"ListItem\",\"position\":1,\"name\":\"Home\",\"item\":\"https:\\\/\\\/www.schellhammerinstitute.com\\\/\"},{\"@type\":\"ListItem\",\"position\":2,\"name\":\"Die Gabe des Heiligen Grals\"}]},{\"@type\":\"WebSite\",\"@id\":\"https:\\\/\\\/www.schellhammerinstitute.com\\\/#website\",\"url\":\"https:\\\/\\\/www.schellhammerinstitute.com\\\/\",\"name\":\"Schellhammer Institute\",\"description\":\"We want to change the world for the better\",\"publisher\":{\"@id\":\"https:\\\/\\\/www.schellhammerinstitute.com\\\/#organization\"},\"alternateName\":\"The Schellhamer Institute\",\"potentialAction\":[{\"@type\":\"SearchAction\",\"target\":{\"@type\":\"EntryPoint\",\"urlTemplate\":\"https:\\\/\\\/www.schellhammerinstitute.com\\\/?s={search_term_string}\"},\"query-input\":{\"@type\":\"PropertyValueSpecification\",\"valueRequired\":true,\"valueName\":\"search_term_string\"}}],\"inLanguage\":\"es\"},{\"@type\":\"Organization\",\"@id\":\"https:\\\/\\\/www.schellhammerinstitute.com\\\/#organization\",\"name\":\"Schellhammer Institute\",\"alternateName\":\"Schellhammer Institute\",\"url\":\"https:\\\/\\\/www.schellhammerinstitute.com\\\/\",\"logo\":{\"@type\":\"ImageObject\",\"inLanguage\":\"es\",\"@id\":\"https:\\\/\\\/www.schellhammerinstitute.com\\\/#\\\/schema\\\/logo\\\/image\\\/\",\"url\":\"https:\\\/\\\/www.schellhammerinstitute.com\\\/wp-content\\\/uploads\\\/cropped-4-Photoroom.png\",\"contentUrl\":\"https:\\\/\\\/www.schellhammerinstitute.com\\\/wp-content\\\/uploads\\\/cropped-4-Photoroom.png\",\"width\":902,\"height\":901,\"caption\":\"Schellhammer Institute\"},\"image\":{\"@id\":\"https:\\\/\\\/www.schellhammerinstitute.com\\\/#\\\/schema\\\/logo\\\/image\\\/\"},\"sameAs\":[\"https:\\\/\\\/www.facebook.com\\\/schellhammerinstitute\",\"https:\\\/\\\/www.instagram.com\\\/schellhammerinstitute\",\"https:\\\/\\\/www.linkedin.com\\\/company\\\/schellhammerinstitute\"]},{\"@type\":\"Person\",\"@id\":\"https:\\\/\\\/www.schellhammerinstitute.com\\\/#\\\/schema\\\/person\\\/26a7f216f9085738595e7f3753546085\",\"name\":\"Dr. Eduard Schellhammer\",\"description\":\"What is most striking about meeting Dr. Schellhammer beyond his pleasant and polite manner; youthful disposition or passionate and sincere views on humanity and the planet, is his unshakable conviction that the world needs a new pioneering education. But exactly who is Dr. Schellhammer? Is he a Philosopher, an expert on Human Matters, a Psychologist, a prolific author of titles from psychology to politics and economics, an educator, or a visionary with a profound and beneficial insight into the human condition? The answer is that he is all that and more. In different age he would have been called a polymath, and probably kept close company with those giants of The Age of Enlightenment, like Jean Jacques Rousseau, Thomas Payne, perhaps even Thomas Jefferson.\",\"sameAs\":[\"https:\\\/\\\/www.schellhammerinstitute.com\\\/founder\\\/\"]}]}<\/script>\n<!-- \/ Yoast SEO plugin. -->","yoast_head_json":{"title":"Die Gabe des Heiligen Grals | Schellhammer Institute","robots":{"index":"index","follow":"follow","max-snippet":"max-snippet:-1","max-image-preview":"max-image-preview:large","max-video-preview":"max-video-preview:-1"},"canonical":"https:\/\/www.schellhammerinstitute.com\/es\/die-gabe-des-heiligen-grals\/","og_locale":"es_ES","og_type":"article","og_title":"Die Gabe des Heiligen Grals | Schellhammer Institute","og_description":"Der Zustand der Menschheit, dokumentiert vom G\u00f6ttlichen Gesandten. Ich m\u00f6chte mich Ihnen vorstellen. 2009 gr\u00fcndete ich die \u201aSchellhammer Business School\u2018, die erste englischsprachige Business School in S\u00fcdspanien mit mittlerweile 400 Studenten aus \u00fcber 60 L\u00e4ndern und 5 Kontinenten. Meine Mission und Leidenschaft damals und heute und seit \u00fcber 50 Jahren ist Bildung. Eine wegweisende Bildung, [&hellip;]","og_url":"https:\/\/www.schellhammerinstitute.com\/es\/die-gabe-des-heiligen-grals\/","og_site_name":"Schellhammer Institute","article_publisher":"https:\/\/www.facebook.com\/schellhammerinstitute","article_published_time":"2021-08-16T08:14:13+00:00","article_modified_time":"2024-10-14T10:38:51+00:00","og_image":[{"width":1920,"height":1282,"url":"https:\/\/www.schellhammerinstitute.com\/wp-content\/uploads\/5991717.jpg","type":"image\/jpeg"}],"author":"Dr. Eduard Schellhammer","twitter_card":"summary_large_image","twitter_misc":{"Escrito por":"Dr. Eduard Schellhammer","Tiempo de lectura":"17 minutos"},"schema":{"@context":"https:\/\/schema.org","@graph":[{"@type":"Article","@id":"https:\/\/www.schellhammerinstitute.com\/die-gabe-des-heiligen-grals\/#article","isPartOf":{"@id":"https:\/\/www.schellhammerinstitute.com\/die-gabe-des-heiligen-grals\/"},"author":{"name":"Dr. Eduard Schellhammer","@id":"https:\/\/www.schellhammerinstitute.com\/#\/schema\/person\/26a7f216f9085738595e7f3753546085"},"headline":"Die Gabe des Heiligen Grals","datePublished":"2021-08-16T08:14:13+00:00","dateModified":"2024-10-14T10:38:51+00:00","mainEntityOfPage":{"@id":"https:\/\/www.schellhammerinstitute.com\/die-gabe-des-heiligen-grals\/"},"wordCount":4145,"commentCount":0,"publisher":{"@id":"https:\/\/www.schellhammerinstitute.com\/#organization"},"image":{"@id":"https:\/\/www.schellhammerinstitute.com\/die-gabe-des-heiligen-grals\/#primaryimage"},"thumbnailUrl":"https:\/\/www.schellhammerinstitute.com\/wp-content\/uploads\/5991717.jpg","keywords":["German"],"articleSection":["Article","Blog"],"inLanguage":"es","potentialAction":[{"@type":"CommentAction","name":"Comment","target":["https:\/\/www.schellhammerinstitute.com\/die-gabe-des-heiligen-grals\/#respond"]}]},{"@type":"WebPage","@id":"https:\/\/www.schellhammerinstitute.com\/die-gabe-des-heiligen-grals\/","url":"https:\/\/www.schellhammerinstitute.com\/die-gabe-des-heiligen-grals\/","name":"Die Gabe des Heiligen Grals | Schellhammer Institute","isPartOf":{"@id":"https:\/\/www.schellhammerinstitute.com\/#website"},"primaryImageOfPage":{"@id":"https:\/\/www.schellhammerinstitute.com\/die-gabe-des-heiligen-grals\/#primaryimage"},"image":{"@id":"https:\/\/www.schellhammerinstitute.com\/die-gabe-des-heiligen-grals\/#primaryimage"},"thumbnailUrl":"https:\/\/www.schellhammerinstitute.com\/wp-content\/uploads\/5991717.jpg","datePublished":"2021-08-16T08:14:13+00:00","dateModified":"2024-10-14T10:38:51+00:00","breadcrumb":{"@id":"https:\/\/www.schellhammerinstitute.com\/die-gabe-des-heiligen-grals\/#breadcrumb"},"inLanguage":"es","potentialAction":[{"@type":"ReadAction","target":["https:\/\/www.schellhammerinstitute.com\/die-gabe-des-heiligen-grals\/"]}]},{"@type":"ImageObject","inLanguage":"es","@id":"https:\/\/www.schellhammerinstitute.com\/die-gabe-des-heiligen-grals\/#primaryimage","url":"https:\/\/www.schellhammerinstitute.com\/wp-content\/uploads\/5991717.jpg","contentUrl":"https:\/\/www.schellhammerinstitute.com\/wp-content\/uploads\/5991717.jpg","width":1920,"height":1282,"caption":"The Holy Grail Gift"},{"@type":"BreadcrumbList","@id":"https:\/\/www.schellhammerinstitute.com\/die-gabe-des-heiligen-grals\/#breadcrumb","itemListElement":[{"@type":"ListItem","position":1,"name":"Home","item":"https:\/\/www.schellhammerinstitute.com\/"},{"@type":"ListItem","position":2,"name":"Die Gabe des Heiligen Grals"}]},{"@type":"WebSite","@id":"https:\/\/www.schellhammerinstitute.com\/#website","url":"https:\/\/www.schellhammerinstitute.com\/","name":"Instituci\u00f3n Schellhammer","description":"Queremos cambiar el mundo a mejor","publisher":{"@id":"https:\/\/www.schellhammerinstitute.com\/#organization"},"alternateName":"The Schellhamer Institute","potentialAction":[{"@type":"SearchAction","target":{"@type":"EntryPoint","urlTemplate":"https:\/\/www.schellhammerinstitute.com\/?s={search_term_string}"},"query-input":{"@type":"PropertyValueSpecification","valueRequired":true,"valueName":"search_term_string"}}],"inLanguage":"es"},{"@type":"Organization","@id":"https:\/\/www.schellhammerinstitute.com\/#organization","name":"Instituci\u00f3n Schellhammer","alternateName":"Schellhammer Institute","url":"https:\/\/www.schellhammerinstitute.com\/","logo":{"@type":"ImageObject","inLanguage":"es","@id":"https:\/\/www.schellhammerinstitute.com\/#\/schema\/logo\/image\/","url":"https:\/\/www.schellhammerinstitute.com\/wp-content\/uploads\/cropped-4-Photoroom.png","contentUrl":"https:\/\/www.schellhammerinstitute.com\/wp-content\/uploads\/cropped-4-Photoroom.png","width":902,"height":901,"caption":"Schellhammer Institute"},"image":{"@id":"https:\/\/www.schellhammerinstitute.com\/#\/schema\/logo\/image\/"},"sameAs":["https:\/\/www.facebook.com\/schellhammerinstitute","https:\/\/www.instagram.com\/schellhammerinstitute","https:\/\/www.linkedin.com\/company\/schellhammerinstitute"]},{"@type":"Person","@id":"https:\/\/www.schellhammerinstitute.com\/#\/schema\/person\/26a7f216f9085738595e7f3753546085","name":"Dr. Eduard Schellhammer","description":"Lo que m\u00e1s llama la atenci\u00f3n al conocer al Dr. Schellhammer, m\u00e1s all\u00e1 de sus agradables y educados modales; su talante juvenil o sus apasionadas y sinceras opiniones sobre la humanidad y el planeta, es su inquebrantable convicci\u00f3n de que el mundo necesita una nueva educaci\u00f3n pionera. Pero, \u00bfqui\u00e9n es exactamente el Dr. Schellhammer? \u00bfEs un fil\u00f3sofo, un experto en asuntos humanos, un psic\u00f3logo, un prol\u00edfico autor de t\u00edtulos que van desde la psicolog\u00eda a la pol\u00edtica y la econom\u00eda, un educador o un visionario con una visi\u00f3n profunda y beneficiosa de la condici\u00f3n humana? La respuesta es que es todo eso y m\u00e1s. En otra \u00e9poca se le habr\u00eda calificado de pol\u00edmata, y probablemente habr\u00eda estado en estrecha compa\u00f1\u00eda de los gigantes del Siglo de las Luces, como Jean Jacques Rousseau, Thomas Payne o incluso Thomas Jefferson.","sameAs":["https:\/\/www.schellhammerinstitute.com\/founder\/"]}]}},"jetpack_featured_media_url":"https:\/\/www.schellhammerinstitute.com\/wp-content\/uploads\/5991717.jpg","jetpack_sharing_enabled":true,"_links":{"self":[{"href":"https:\/\/www.schellhammerinstitute.com\/es\/wp-json\/wp\/v2\/posts\/9127","targetHints":{"allow":["GET"]}}],"collection":[{"href":"https:\/\/www.schellhammerinstitute.com\/es\/wp-json\/wp\/v2\/posts"}],"about":[{"href":"https:\/\/www.schellhammerinstitute.com\/es\/wp-json\/wp\/v2\/types\/post"}],"author":[{"embeddable":true,"href":"https:\/\/www.schellhammerinstitute.com\/es\/wp-json\/wp\/v2\/users\/4"}],"replies":[{"embeddable":true,"href":"https:\/\/www.schellhammerinstitute.com\/es\/wp-json\/wp\/v2\/comments?post=9127"}],"version-history":[{"count":1,"href":"https:\/\/www.schellhammerinstitute.com\/es\/wp-json\/wp\/v2\/posts\/9127\/revisions"}],"predecessor-version":[{"id":14603,"href":"https:\/\/www.schellhammerinstitute.com\/es\/wp-json\/wp\/v2\/posts\/9127\/revisions\/14603"}],"wp:featuredmedia":[{"embeddable":true,"href":"https:\/\/www.schellhammerinstitute.com\/es\/wp-json\/wp\/v2\/media\/9115"}],"wp:attachment":[{"href":"https:\/\/www.schellhammerinstitute.com\/es\/wp-json\/wp\/v2\/media?parent=9127"}],"wp:term":[{"taxonomy":"category","embeddable":true,"href":"https:\/\/www.schellhammerinstitute.com\/es\/wp-json\/wp\/v2\/categories?post=9127"},{"taxonomy":"post_tag","embeddable":true,"href":"https:\/\/www.schellhammerinstitute.com\/es\/wp-json\/wp\/v2\/tags?post=9127"}],"curies":[{"name":"wp","href":"https:\/\/api.w.org\/{rel}","templated":true}]}}