{"id":9085,"date":"2021-04-01T14:42:19","date_gmt":"2021-04-01T14:42:19","guid":{"rendered":"https:\/\/www.schellhammerinstitute.com\/?p=9085"},"modified":"2024-10-14T10:38:50","modified_gmt":"2024-10-14T10:38:50","slug":"heilige-rede-an-die-welt-2021","status":"publish","type":"post","link":"https:\/\/www.schellhammerinstitute.com\/es\/heilige-rede-an-die-welt-2021\/","title":{"rendered":"Heilige Rede an die Welt 2021"},"content":{"rendered":"<p><strong>Despu\u00e9s de 2000 a\u00f1os, el Rey de los Santos Griales ha desaparecido para toda la humanidad. Es el hombre que Dios cre\u00f3 para el desarrollo arquet\u00edpico del hombre.<\/strong><\/p>\n<p>La humanidad est\u00e1 sumida en un inmenso caos global. El estado ps\u00edquico-geol\u00f3gico de las personas es una cat\u00e1strofe. Los seres humanos han perdido el pecado de la vida. Die Menschheit ist verfault und am Abgrund.<\/p>\n<p>Ich habe keine Macht auf diesem Planeten. No tengo armas. Ich kann nicht auf der Meeresoberfl\u00e4che gehen. Ich habe keine 10.000 Engel bei mir. Zumindest bin ich mit der h\u00f6chsten Vollmacht Gottes ausgestattet.<\/p>\n<p>Ich habe keine Billionen Dollar, um die Welt zu beherrschen. Ich habe f\u00fcr die Menschheit die 'Archetypischen Prozesse der Seele'. Este es el c\u00f3digo gen\u00e9tico para el desarrollo humano - para todos los hombres.<\/p>\n<p>Ich muss meine Botschaft an die Titanen, an die Mitglieder des tiefen Staates, an die Eliten, die Wirtschaftsmeister, die Regierung und die religi\u00f6sen Autorit\u00e4ten richten, da sie seit Jahrtausenden der kriminellste \"Club\" der Welt sind:<\/p>\n<p>\"Si usted, el gran Maestro, vuelve a la guerra o a la destrucci\u00f3n total del pueblo, yo lo llevar\u00e9 a usted y a sus seguidores durante 100.000 o 200.000 a\u00f1os a un planeta oscuro, lejos de Dios y de su luz\".<\/p>\n<p>Despu\u00e9s de 45 a\u00f1os aprendiendo sobre la humanidad y el resto del mundo, me doy cuenta de que los hombres han descubierto la importancia de la religi\u00f3n arquet\u00edpica. 7000 Jahre erfundene magische Religion ist eine erstickende T\u00e4uschung.<\/p>\n<p>Ich sage den Menschen: \"Ihre magische Lebensweise, Ihre Faulheit, Ihre Arroganz, Ihre Eitelkeit, Ihr t\u00e4gliches Geschw\u00e4tz, Ihre Angeberei, Ihr Narzissmus und Ihr unkritisches blindes Denken hat die Menschheit zerst\u00f6rt.\"<\/p>\n<p>\"Si abandonas el \"Karussell-Lebensstil\", te llevar\u00e9 durante 200.000 a\u00f1os a un planeta oscuro. Aqu\u00ed conocer\u00e1s la oscuridad, el fuego, la paz, la ignorancia y el amor, y aprender\u00e1s a amar a Dios y a vivir\".<\/p>\n<p>Aproximadamente 8 millones de personas no saben por qu\u00e9 viven en este planeta. Toda la humanidad ha olvidado el pecado arquet\u00edpico de la vida. Esto se debe a la arcaica administraci\u00f3n p\u00fablica y a la religi\u00f3n.<\/p>\n<p>Desde hace 20 a\u00f1os, los padres se han planteado todos los principios arquet\u00edpicos del desarrollo humano: padre, madre, mujer, hombre, identidad, educaci\u00f3n, juventud, juventud y familia. Die g\u00f6ttlichen menschlichen Werte sind weg.<\/p>\n<p>El pueblo tiene que comprender que los m\u00e1s bajos niveles de criminalidad, que en el pasado y en la actualidad han sido superados por las autoridades y los gobiernos y por el Estado en general en distintos pa\u00edses, siempre han estado relacionados con su propio inter\u00e9s.<\/p>\n<p>Los 18 mayores retos mundiales son insuperables. Die endlose Zunahme der Weltbev\u00f6lkerung wird alle menschlichen Werte und den g\u00f6ttlichen Code f\u00fcr die innere menschliche Entwicklung ausl\u00f6schen.<\/p>\n<p>Los nuevos individuos \"dentro de las fronteras\" est\u00e1n preocupados por la evoluci\u00f3n sin precedentes de la humanidad. Para detener el desarrollo humano son necesarias las medidas. Existen caminos humanos y no humanos.<\/p>\n<p>Desde hace 7000 a\u00f1os, la humanidad no ha aprendido nada sobre el valor del hombre. Todos los sistemas han dejado de funcionar desde hace siglos. Los seres humanos deben encontrar pronto su esencia interior y trazar de nuevo su camino.<\/p>\n<p>Abschliessend muss hervorgehoben werden: La ca\u00edda \"Covid-19\" es la mayor estafa de la historia de la humanidad. Die Politik hat aus Unf\u00e4higkeit oder mit Absicht viele Menschen in den Tod getrieben. Esto es la Muerte.<\/p>\n<p><strong>En 1988, Suiza, Austria y Alemania se despojaron de la voluntad de Dios, de su misi\u00f3n y de su vida. Esto significa la desaparici\u00f3n total desde 1988: Todos han abandonado su hogar durante 2000 a\u00f1os.<\/strong><\/p>","protected":false},"excerpt":{"rendered":"<p>Nach 2000 Jahren ist der K\u00f6nig des Heiligen Grals f\u00fcr die gesamte Menschheit zur\u00fcck. Er ist der Gesandte, der von Gott f\u00fcr die archetypische menschliche Entwicklung gesandt wurde. Die Menschheit ist in einem immensen globalen Chaos gefangen. Der psychisch-geistige Zustand der Menschen ist eine Katastrophe. Die Menschen haben den Sinn des Lebens verloren. Die Menschheit [&hellip;]<\/p>\n","protected":false},"author":4,"featured_media":9081,"comment_status":"open","ping_status":"closed","sticky":false,"template":"","format":"standard","meta":{"saved_in_kubio":false,"_jetpack_memberships_contains_paid_content":false,"footnotes":""},"categories":[306,1],"tags":[304],"class_list":["post-9085","post","type-post","status-publish","format-standard","has-post-thumbnail","hentry","category-article","category-blog","tag-german"],"yoast_head":"<!-- This site is optimized with the Yoast SEO plugin v27.5 - https:\/\/yoast.com\/product\/yoast-seo-wordpress\/ -->\n<title>Heilige Rede an die Welt 2021 | Schellhammer Institute<\/title>\n<meta name=\"robots\" content=\"index, follow, max-snippet:-1, max-image-preview:large, max-video-preview:-1\" \/>\n<link rel=\"canonical\" href=\"https:\/\/www.schellhammerinstitute.com\/es\/heilige-rede-an-die-welt-2021\/\" \/>\n<meta property=\"og:locale\" content=\"es_ES\" \/>\n<meta property=\"og:type\" content=\"article\" \/>\n<meta property=\"og:title\" content=\"Heilige Rede an die Welt 2021 | Schellhammer Institute\" \/>\n<meta property=\"og:description\" content=\"Nach 2000 Jahren ist der K\u00f6nig des Heiligen Grals f\u00fcr die gesamte Menschheit zur\u00fcck. Er ist der Gesandte, der von Gott f\u00fcr die archetypische menschliche Entwicklung gesandt wurde. Die Menschheit ist in einem immensen globalen Chaos gefangen. Der psychisch-geistige Zustand der Menschen ist eine Katastrophe. Die Menschen haben den Sinn des Lebens verloren. Die Menschheit [&hellip;]\" \/>\n<meta property=\"og:url\" content=\"https:\/\/www.schellhammerinstitute.com\/es\/heilige-rede-an-die-welt-2021\/\" \/>\n<meta property=\"og:site_name\" content=\"Schellhammer Institute\" \/>\n<meta property=\"article:publisher\" content=\"https:\/\/www.facebook.com\/schellhammerinstitute\" \/>\n<meta property=\"article:published_time\" content=\"2021-04-01T14:42:19+00:00\" \/>\n<meta property=\"article:modified_time\" content=\"2024-10-14T10:38:50+00:00\" \/>\n<meta property=\"og:image\" content=\"https:\/\/www.schellhammerinstitute.com\/wp-content\/uploads\/1852945.jpg\" \/>\n\t<meta property=\"og:image:width\" content=\"1920\" \/>\n\t<meta property=\"og:image:height\" content=\"1277\" \/>\n\t<meta property=\"og:image:type\" content=\"image\/jpeg\" \/>\n<meta name=\"author\" content=\"Dr. Eduard Schellhammer\" \/>\n<meta name=\"twitter:card\" content=\"summary_large_image\" \/>\n<meta name=\"twitter:label1\" content=\"Escrito por\" \/>\n\t<meta name=\"twitter:data1\" content=\"Dr. Eduard Schellhammer\" \/>\n\t<meta name=\"twitter:label2\" content=\"Tiempo de lectura\" \/>\n\t<meta name=\"twitter:data2\" content=\"3 minutos\" \/>\n<script type=\"application\/ld+json\" class=\"yoast-schema-graph\">{\"@context\":\"https:\\\/\\\/schema.org\",\"@graph\":[{\"@type\":\"Article\",\"@id\":\"https:\\\/\\\/www.schellhammerinstitute.com\\\/heilige-rede-an-die-welt-2021\\\/#article\",\"isPartOf\":{\"@id\":\"https:\\\/\\\/www.schellhammerinstitute.com\\\/heilige-rede-an-die-welt-2021\\\/\"},\"author\":{\"name\":\"Dr. Eduard Schellhammer\",\"@id\":\"https:\\\/\\\/www.schellhammerinstitute.com\\\/#\\\/schema\\\/person\\\/26a7f216f9085738595e7f3753546085\"},\"headline\":\"Heilige Rede an die Welt 2021\",\"datePublished\":\"2021-04-01T14:42:19+00:00\",\"dateModified\":\"2024-10-14T10:38:50+00:00\",\"mainEntityOfPage\":{\"@id\":\"https:\\\/\\\/www.schellhammerinstitute.com\\\/heilige-rede-an-die-welt-2021\\\/\"},\"wordCount\":578,\"commentCount\":0,\"publisher\":{\"@id\":\"https:\\\/\\\/www.schellhammerinstitute.com\\\/#organization\"},\"image\":{\"@id\":\"https:\\\/\\\/www.schellhammerinstitute.com\\\/heilige-rede-an-die-welt-2021\\\/#primaryimage\"},\"thumbnailUrl\":\"https:\\\/\\\/www.schellhammerinstitute.com\\\/wp-content\\\/uploads\\\/1852945.jpg\",\"keywords\":[\"German\"],\"articleSection\":[\"Article\",\"Blog\"],\"inLanguage\":\"es\",\"potentialAction\":[{\"@type\":\"CommentAction\",\"name\":\"Comment\",\"target\":[\"https:\\\/\\\/www.schellhammerinstitute.com\\\/heilige-rede-an-die-welt-2021\\\/#respond\"]}]},{\"@type\":\"WebPage\",\"@id\":\"https:\\\/\\\/www.schellhammerinstitute.com\\\/heilige-rede-an-die-welt-2021\\\/\",\"url\":\"https:\\\/\\\/www.schellhammerinstitute.com\\\/heilige-rede-an-die-welt-2021\\\/\",\"name\":\"Heilige Rede an die Welt 2021 | Schellhammer Institute\",\"isPartOf\":{\"@id\":\"https:\\\/\\\/www.schellhammerinstitute.com\\\/#website\"},\"primaryImageOfPage\":{\"@id\":\"https:\\\/\\\/www.schellhammerinstitute.com\\\/heilige-rede-an-die-welt-2021\\\/#primaryimage\"},\"image\":{\"@id\":\"https:\\\/\\\/www.schellhammerinstitute.com\\\/heilige-rede-an-die-welt-2021\\\/#primaryimage\"},\"thumbnailUrl\":\"https:\\\/\\\/www.schellhammerinstitute.com\\\/wp-content\\\/uploads\\\/1852945.jpg\",\"datePublished\":\"2021-04-01T14:42:19+00:00\",\"dateModified\":\"2024-10-14T10:38:50+00:00\",\"breadcrumb\":{\"@id\":\"https:\\\/\\\/www.schellhammerinstitute.com\\\/heilige-rede-an-die-welt-2021\\\/#breadcrumb\"},\"inLanguage\":\"es\",\"potentialAction\":[{\"@type\":\"ReadAction\",\"target\":[\"https:\\\/\\\/www.schellhammerinstitute.com\\\/heilige-rede-an-die-welt-2021\\\/\"]}]},{\"@type\":\"ImageObject\",\"inLanguage\":\"es\",\"@id\":\"https:\\\/\\\/www.schellhammerinstitute.com\\\/heilige-rede-an-die-welt-2021\\\/#primaryimage\",\"url\":\"https:\\\/\\\/www.schellhammerinstitute.com\\\/wp-content\\\/uploads\\\/1852945.jpg\",\"contentUrl\":\"https:\\\/\\\/www.schellhammerinstitute.com\\\/wp-content\\\/uploads\\\/1852945.jpg\",\"width\":1920,\"height\":1277,\"caption\":\"Holy Speech to the World 2021\"},{\"@type\":\"BreadcrumbList\",\"@id\":\"https:\\\/\\\/www.schellhammerinstitute.com\\\/heilige-rede-an-die-welt-2021\\\/#breadcrumb\",\"itemListElement\":[{\"@type\":\"ListItem\",\"position\":1,\"name\":\"Home\",\"item\":\"https:\\\/\\\/www.schellhammerinstitute.com\\\/\"},{\"@type\":\"ListItem\",\"position\":2,\"name\":\"Heilige Rede an die Welt 2021\"}]},{\"@type\":\"WebSite\",\"@id\":\"https:\\\/\\\/www.schellhammerinstitute.com\\\/#website\",\"url\":\"https:\\\/\\\/www.schellhammerinstitute.com\\\/\",\"name\":\"Schellhammer Institute\",\"description\":\"We want to change the world for the better\",\"publisher\":{\"@id\":\"https:\\\/\\\/www.schellhammerinstitute.com\\\/#organization\"},\"alternateName\":\"The Schellhamer Institute\",\"potentialAction\":[{\"@type\":\"SearchAction\",\"target\":{\"@type\":\"EntryPoint\",\"urlTemplate\":\"https:\\\/\\\/www.schellhammerinstitute.com\\\/?s={search_term_string}\"},\"query-input\":{\"@type\":\"PropertyValueSpecification\",\"valueRequired\":true,\"valueName\":\"search_term_string\"}}],\"inLanguage\":\"es\"},{\"@type\":\"Organization\",\"@id\":\"https:\\\/\\\/www.schellhammerinstitute.com\\\/#organization\",\"name\":\"Schellhammer Institute\",\"alternateName\":\"Schellhammer Institute\",\"url\":\"https:\\\/\\\/www.schellhammerinstitute.com\\\/\",\"logo\":{\"@type\":\"ImageObject\",\"inLanguage\":\"es\",\"@id\":\"https:\\\/\\\/www.schellhammerinstitute.com\\\/#\\\/schema\\\/logo\\\/image\\\/\",\"url\":\"https:\\\/\\\/www.schellhammerinstitute.com\\\/wp-content\\\/uploads\\\/cropped-4-Photoroom.png\",\"contentUrl\":\"https:\\\/\\\/www.schellhammerinstitute.com\\\/wp-content\\\/uploads\\\/cropped-4-Photoroom.png\",\"width\":902,\"height\":901,\"caption\":\"Schellhammer Institute\"},\"image\":{\"@id\":\"https:\\\/\\\/www.schellhammerinstitute.com\\\/#\\\/schema\\\/logo\\\/image\\\/\"},\"sameAs\":[\"https:\\\/\\\/www.facebook.com\\\/schellhammerinstitute\",\"https:\\\/\\\/www.instagram.com\\\/schellhammerinstitute\",\"https:\\\/\\\/www.linkedin.com\\\/company\\\/schellhammerinstitute\"]},{\"@type\":\"Person\",\"@id\":\"https:\\\/\\\/www.schellhammerinstitute.com\\\/#\\\/schema\\\/person\\\/26a7f216f9085738595e7f3753546085\",\"name\":\"Dr. Eduard Schellhammer\",\"description\":\"What is most striking about meeting Dr. Schellhammer beyond his pleasant and polite manner; youthful disposition or passionate and sincere views on humanity and the planet, is his unshakable conviction that the world needs a new pioneering education. But exactly who is Dr. Schellhammer? Is he a Philosopher, an expert on Human Matters, a Psychologist, a prolific author of titles from psychology to politics and economics, an educator, or a visionary with a profound and beneficial insight into the human condition? The answer is that he is all that and more. In different age he would have been called a polymath, and probably kept close company with those giants of The Age of Enlightenment, like Jean Jacques Rousseau, Thomas Payne, perhaps even Thomas Jefferson.\",\"sameAs\":[\"https:\\\/\\\/www.schellhammerinstitute.com\\\/founder\\\/\"]}]}<\/script>\n<!-- \/ Yoast SEO plugin. -->","yoast_head_json":{"title":"Heilige Rede an die Welt 2021 | Schellhammer Institute","robots":{"index":"index","follow":"follow","max-snippet":"max-snippet:-1","max-image-preview":"max-image-preview:large","max-video-preview":"max-video-preview:-1"},"canonical":"https:\/\/www.schellhammerinstitute.com\/es\/heilige-rede-an-die-welt-2021\/","og_locale":"es_ES","og_type":"article","og_title":"Heilige Rede an die Welt 2021 | Schellhammer Institute","og_description":"Nach 2000 Jahren ist der K\u00f6nig des Heiligen Grals f\u00fcr die gesamte Menschheit zur\u00fcck. Er ist der Gesandte, der von Gott f\u00fcr die archetypische menschliche Entwicklung gesandt wurde. Die Menschheit ist in einem immensen globalen Chaos gefangen. Der psychisch-geistige Zustand der Menschen ist eine Katastrophe. Die Menschen haben den Sinn des Lebens verloren. Die Menschheit [&hellip;]","og_url":"https:\/\/www.schellhammerinstitute.com\/es\/heilige-rede-an-die-welt-2021\/","og_site_name":"Schellhammer Institute","article_publisher":"https:\/\/www.facebook.com\/schellhammerinstitute","article_published_time":"2021-04-01T14:42:19+00:00","article_modified_time":"2024-10-14T10:38:50+00:00","og_image":[{"width":1920,"height":1277,"url":"https:\/\/www.schellhammerinstitute.com\/wp-content\/uploads\/1852945.jpg","type":"image\/jpeg"}],"author":"Dr. Eduard Schellhammer","twitter_card":"summary_large_image","twitter_misc":{"Escrito por":"Dr. Eduard Schellhammer","Tiempo de lectura":"3 minutos"},"schema":{"@context":"https:\/\/schema.org","@graph":[{"@type":"Article","@id":"https:\/\/www.schellhammerinstitute.com\/heilige-rede-an-die-welt-2021\/#article","isPartOf":{"@id":"https:\/\/www.schellhammerinstitute.com\/heilige-rede-an-die-welt-2021\/"},"author":{"name":"Dr. Eduard Schellhammer","@id":"https:\/\/www.schellhammerinstitute.com\/#\/schema\/person\/26a7f216f9085738595e7f3753546085"},"headline":"Heilige Rede an die Welt 2021","datePublished":"2021-04-01T14:42:19+00:00","dateModified":"2024-10-14T10:38:50+00:00","mainEntityOfPage":{"@id":"https:\/\/www.schellhammerinstitute.com\/heilige-rede-an-die-welt-2021\/"},"wordCount":578,"commentCount":0,"publisher":{"@id":"https:\/\/www.schellhammerinstitute.com\/#organization"},"image":{"@id":"https:\/\/www.schellhammerinstitute.com\/heilige-rede-an-die-welt-2021\/#primaryimage"},"thumbnailUrl":"https:\/\/www.schellhammerinstitute.com\/wp-content\/uploads\/1852945.jpg","keywords":["German"],"articleSection":["Article","Blog"],"inLanguage":"es","potentialAction":[{"@type":"CommentAction","name":"Comment","target":["https:\/\/www.schellhammerinstitute.com\/heilige-rede-an-die-welt-2021\/#respond"]}]},{"@type":"WebPage","@id":"https:\/\/www.schellhammerinstitute.com\/heilige-rede-an-die-welt-2021\/","url":"https:\/\/www.schellhammerinstitute.com\/heilige-rede-an-die-welt-2021\/","name":"Heilige Rede an die Welt 2021 | Schellhammer Institute","isPartOf":{"@id":"https:\/\/www.schellhammerinstitute.com\/#website"},"primaryImageOfPage":{"@id":"https:\/\/www.schellhammerinstitute.com\/heilige-rede-an-die-welt-2021\/#primaryimage"},"image":{"@id":"https:\/\/www.schellhammerinstitute.com\/heilige-rede-an-die-welt-2021\/#primaryimage"},"thumbnailUrl":"https:\/\/www.schellhammerinstitute.com\/wp-content\/uploads\/1852945.jpg","datePublished":"2021-04-01T14:42:19+00:00","dateModified":"2024-10-14T10:38:50+00:00","breadcrumb":{"@id":"https:\/\/www.schellhammerinstitute.com\/heilige-rede-an-die-welt-2021\/#breadcrumb"},"inLanguage":"es","potentialAction":[{"@type":"ReadAction","target":["https:\/\/www.schellhammerinstitute.com\/heilige-rede-an-die-welt-2021\/"]}]},{"@type":"ImageObject","inLanguage":"es","@id":"https:\/\/www.schellhammerinstitute.com\/heilige-rede-an-die-welt-2021\/#primaryimage","url":"https:\/\/www.schellhammerinstitute.com\/wp-content\/uploads\/1852945.jpg","contentUrl":"https:\/\/www.schellhammerinstitute.com\/wp-content\/uploads\/1852945.jpg","width":1920,"height":1277,"caption":"Holy Speech to the World 2021"},{"@type":"BreadcrumbList","@id":"https:\/\/www.schellhammerinstitute.com\/heilige-rede-an-die-welt-2021\/#breadcrumb","itemListElement":[{"@type":"ListItem","position":1,"name":"Home","item":"https:\/\/www.schellhammerinstitute.com\/"},{"@type":"ListItem","position":2,"name":"Heilige Rede an die Welt 2021"}]},{"@type":"WebSite","@id":"https:\/\/www.schellhammerinstitute.com\/#website","url":"https:\/\/www.schellhammerinstitute.com\/","name":"Instituci\u00f3n Schellhammer","description":"Queremos cambiar el mundo a mejor","publisher":{"@id":"https:\/\/www.schellhammerinstitute.com\/#organization"},"alternateName":"The Schellhamer Institute","potentialAction":[{"@type":"SearchAction","target":{"@type":"EntryPoint","urlTemplate":"https:\/\/www.schellhammerinstitute.com\/?s={search_term_string}"},"query-input":{"@type":"PropertyValueSpecification","valueRequired":true,"valueName":"search_term_string"}}],"inLanguage":"es"},{"@type":"Organization","@id":"https:\/\/www.schellhammerinstitute.com\/#organization","name":"Instituci\u00f3n Schellhammer","alternateName":"Schellhammer Institute","url":"https:\/\/www.schellhammerinstitute.com\/","logo":{"@type":"ImageObject","inLanguage":"es","@id":"https:\/\/www.schellhammerinstitute.com\/#\/schema\/logo\/image\/","url":"https:\/\/www.schellhammerinstitute.com\/wp-content\/uploads\/cropped-4-Photoroom.png","contentUrl":"https:\/\/www.schellhammerinstitute.com\/wp-content\/uploads\/cropped-4-Photoroom.png","width":902,"height":901,"caption":"Schellhammer Institute"},"image":{"@id":"https:\/\/www.schellhammerinstitute.com\/#\/schema\/logo\/image\/"},"sameAs":["https:\/\/www.facebook.com\/schellhammerinstitute","https:\/\/www.instagram.com\/schellhammerinstitute","https:\/\/www.linkedin.com\/company\/schellhammerinstitute"]},{"@type":"Person","@id":"https:\/\/www.schellhammerinstitute.com\/#\/schema\/person\/26a7f216f9085738595e7f3753546085","name":"Dr. Eduard Schellhammer","description":"Lo que m\u00e1s llama la atenci\u00f3n al conocer al Dr. Schellhammer, m\u00e1s all\u00e1 de sus agradables y educados modales; su talante juvenil o sus apasionadas y sinceras opiniones sobre la humanidad y el planeta, es su inquebrantable convicci\u00f3n de que el mundo necesita una nueva educaci\u00f3n pionera. Pero, \u00bfqui\u00e9n es exactamente el Dr. Schellhammer? \u00bfEs un fil\u00f3sofo, un experto en asuntos humanos, un psic\u00f3logo, un prol\u00edfico autor de t\u00edtulos que van desde la psicolog\u00eda a la pol\u00edtica y la econom\u00eda, un educador o un visionario con una visi\u00f3n profunda y beneficiosa de la condici\u00f3n humana? La respuesta es que es todo eso y m\u00e1s. En otra \u00e9poca se le habr\u00eda calificado de pol\u00edmata, y probablemente habr\u00eda estado en estrecha compa\u00f1\u00eda de los gigantes del Siglo de las Luces, como Jean Jacques Rousseau, Thomas Payne o incluso Thomas Jefferson.","sameAs":["https:\/\/www.schellhammerinstitute.com\/founder\/"]}]}},"jetpack_featured_media_url":"https:\/\/www.schellhammerinstitute.com\/wp-content\/uploads\/1852945.jpg","jetpack_sharing_enabled":true,"_links":{"self":[{"href":"https:\/\/www.schellhammerinstitute.com\/es\/wp-json\/wp\/v2\/posts\/9085","targetHints":{"allow":["GET"]}}],"collection":[{"href":"https:\/\/www.schellhammerinstitute.com\/es\/wp-json\/wp\/v2\/posts"}],"about":[{"href":"https:\/\/www.schellhammerinstitute.com\/es\/wp-json\/wp\/v2\/types\/post"}],"author":[{"embeddable":true,"href":"https:\/\/www.schellhammerinstitute.com\/es\/wp-json\/wp\/v2\/users\/4"}],"replies":[{"embeddable":true,"href":"https:\/\/www.schellhammerinstitute.com\/es\/wp-json\/wp\/v2\/comments?post=9085"}],"version-history":[{"count":1,"href":"https:\/\/www.schellhammerinstitute.com\/es\/wp-json\/wp\/v2\/posts\/9085\/revisions"}],"predecessor-version":[{"id":14602,"href":"https:\/\/www.schellhammerinstitute.com\/es\/wp-json\/wp\/v2\/posts\/9085\/revisions\/14602"}],"wp:featuredmedia":[{"embeddable":true,"href":"https:\/\/www.schellhammerinstitute.com\/es\/wp-json\/wp\/v2\/media\/9081"}],"wp:attachment":[{"href":"https:\/\/www.schellhammerinstitute.com\/es\/wp-json\/wp\/v2\/media?parent=9085"}],"wp:term":[{"taxonomy":"category","embeddable":true,"href":"https:\/\/www.schellhammerinstitute.com\/es\/wp-json\/wp\/v2\/categories?post=9085"},{"taxonomy":"post_tag","embeddable":true,"href":"https:\/\/www.schellhammerinstitute.com\/es\/wp-json\/wp\/v2\/tags?post=9085"}],"curies":[{"name":"wp","href":"https:\/\/api.w.org\/{rel}","templated":true}]}}