{"id":8238,"date":"2019-04-07T09:47:14","date_gmt":"2019-04-07T09:47:14","guid":{"rendered":"https:\/\/www.schellhammerinstitute.com\/?p=8238"},"modified":"2024-10-14T10:24:27","modified_gmt":"2024-10-14T10:24:27","slug":"los-primeros-anos","status":"publish","type":"post","link":"https:\/\/www.schellhammerinstitute.com\/es\/los-primeros-anos\/","title":{"rendered":"Los Primeros A\u00f1os"},"content":{"rendered":"<p><strong>Los primeros 3 a\u00f1os despu\u00e9s del nacimiento<\/strong><\/p>\n<p><strong>Despu\u00e9s de los 9 meses prenatales se establece la base de las funciones mentales.<\/strong><\/p>\n<p>Una vez nacido, el feto prefiere la voz de la madre antes que la de cualquier otra persona. Un beb\u00e9 responde primero a la voz de la persona que m\u00e1s lo cuida. Los beb\u00e9s lloran en el acento de la lengua materna de su madre. Los beb\u00e9s prefieren los primeros gustos que son familiares desde antes del nacimiento. Los beb\u00e9s primero responden bas\u00e1ndose en los procesos de aprendizaje prenatal.<\/p>\n<p><strong>La ausencia de aprendizaje prenatal conduce a un desarrollo mental deficiente.<\/strong><\/p>\n<ul>\n<li>Los padres agresivos reducen la capacidad futura del ni\u00f1o para una relaci\u00f3n sana y pac\u00edfica.<\/li>\n<li>Silenciar como castigo es una humillaci\u00f3n con da\u00f1os emocionales y problemas de salud para el ni\u00f1o.<\/li>\n<li>La falta de armon\u00eda cr\u00f3nica en la familia reproduce patrones emocionales desarm\u00f3nicos en el estado de \u00e1nimo del ni\u00f1o.<\/li>\n<li>El acoso repetido, el comportamiento injusto de los padres (maestros) crea una \"identidad de v\u00edctima\" y promueve la mentira, el enga\u00f1o y la falsedad.<\/li>\n<\/ul>\n<p><strong>La mente no puede desarrollarse y no puede operar sin, sin:<\/strong><\/p>\n<p>... la satisfacci\u00f3n de sus necesidades intr\u00ednsecas del cuerpo.<br \/>\n... la satisfacci\u00f3n de sus necesidades elementales de vida.<br \/>\n... la satisfacci\u00f3n de ciertas necesidades de experiencias sociales positivas.<br \/>\n... la satisfacci\u00f3n de ciertas necesidades de perspectivas de vida positivas.<\/p>\n<p><strong>El amor genuino con la conversaci\u00f3n, los abrazos, las caricias, la orientaci\u00f3n es de suma importancia. La reducci\u00f3n o ausencia de estas satisfacciones fundamentales conducen a una 'vida perdida'.<\/strong><\/p>\n<p>El psicoan\u00e1lisis ense\u00f1a que antes de que el feto comience a desarrollar complejos inconscientes, por ej. Traumas, patrones de comportamiento pervertido, problemas emocionales, adoctrinamiento religioso, miedo, violencia, frialdad, etc. La Ciencia de la 'Epigen\u00e9tica' ense\u00f1a que los humanos heredan patrones de la mente, de las actitudes, de las emociones, de la salud y del comportamiento desde y hasta Las 14 generaciones anteriores. Es por eso por lo que la historia en contextos relevantes se repite.<\/p>\n<p>Mientras m\u00e1s negativas sean las experiencias prenatales sobre el padre y la madre, mientras m\u00e1s negativas sean las experiencias de vida durante los primeros tres a\u00f1os, m\u00e1s crece el impulso intensivo de compensaci\u00f3n, proyecci\u00f3n y un hogar espiritual, religioso o pol\u00edtico \"verdadero\" e \"infalible\" que Promete alivio, salvaci\u00f3n o prosperidad. Pero las ra\u00edces de esta herencia mental son mucho m\u00e1s profundas: el patr\u00f3n mental de \"Amenazas y enemigos\" se form\u00f3 hace 20.000 a\u00f1os y todav\u00eda se encuentra en su concepto arcaico. Las im\u00e1genes de los enemigos est\u00e1n determinadas y enraizadas en el sistema mental del futuro humano ya antes del nacimiento y especialmente despu\u00e9s del nacimiento durante los primeros 3 a\u00f1os. Para la mayor\u00eda de las personas, estos patrones no han cambiado durante toda su vida.<\/p>\n<p>Las influencias religiosas e ideol\u00f3gicas prenatales y postnatales de los padres y el entorno sociocultural no garantizan la \"verdad\" religiosa o pol\u00edtica. La epigen\u00e9tica tambi\u00e9n descubri\u00f3: la rigidez, la obstinaci\u00f3n, la rectitud, el fundamentalismo y el dogmatismo son conceptos mentales que se transmiten de manera acr\u00edtica a la siguiente generaci\u00f3n, m\u00e1s all\u00e1 de la \"verdad\".<\/p>","protected":false},"excerpt":{"rendered":"<p>Los primeros 3 a\u00f1os despu\u00e9s del nacimiento Despu\u00e9s de los 9 meses prenatales se establece la base de las funciones mentales. Una vez nacido, el feto prefiere la voz de la madre antes que la de cualquier otra persona. Un beb\u00e9 responde primero a la voz de la persona que m\u00e1s lo cuida. Los beb\u00e9s [&hellip;]<\/p>\n","protected":false},"author":4,"featured_media":8240,"comment_status":"open","ping_status":"closed","sticky":false,"template":"","format":"standard","meta":{"saved_in_kubio":false,"_jetpack_memberships_contains_paid_content":false,"footnotes":""},"categories":[306,1],"tags":[],"class_list":["post-8238","post","type-post","status-publish","format-standard","has-post-thumbnail","hentry","category-article","category-blog"],"yoast_head":"<!-- This site is optimized with the Yoast SEO plugin v27.5 - https:\/\/yoast.com\/product\/yoast-seo-wordpress\/ -->\n<title>Los Primeros A\u00f1os | Schellhammer Institute<\/title>\n<meta name=\"robots\" content=\"index, follow, max-snippet:-1, max-image-preview:large, max-video-preview:-1\" \/>\n<link rel=\"canonical\" href=\"https:\/\/www.schellhammerinstitute.com\/es\/los-primeros-anos\/\" \/>\n<meta property=\"og:locale\" content=\"es_ES\" \/>\n<meta property=\"og:type\" content=\"article\" \/>\n<meta property=\"og:title\" content=\"Los Primeros A\u00f1os | Schellhammer Institute\" \/>\n<meta property=\"og:description\" content=\"Los primeros 3 a\u00f1os despu\u00e9s del nacimiento Despu\u00e9s de los 9 meses prenatales se establece la base de las funciones mentales. Una vez nacido, el feto prefiere la voz de la madre antes que la de cualquier otra persona. Un beb\u00e9 responde primero a la voz de la persona que m\u00e1s lo cuida. Los beb\u00e9s [&hellip;]\" \/>\n<meta property=\"og:url\" content=\"https:\/\/www.schellhammerinstitute.com\/es\/los-primeros-anos\/\" \/>\n<meta property=\"og:site_name\" content=\"Schellhammer Institute\" \/>\n<meta property=\"article:publisher\" content=\"https:\/\/www.facebook.com\/schellhammerinstitute\" \/>\n<meta property=\"article:published_time\" content=\"2019-04-07T09:47:14+00:00\" \/>\n<meta property=\"article:modified_time\" content=\"2024-10-14T10:24:27+00:00\" \/>\n<meta property=\"og:image\" content=\"https:\/\/www.schellhammerinstitute.com\/wp-content\/uploads\/The-First-Years.jpg\" \/>\n\t<meta property=\"og:image:width\" content=\"1800\" \/>\n\t<meta property=\"og:image:height\" content=\"1200\" \/>\n\t<meta property=\"og:image:type\" content=\"image\/jpeg\" \/>\n<meta name=\"author\" content=\"Dr. Eduard Schellhammer\" \/>\n<meta name=\"twitter:card\" content=\"summary_large_image\" \/>\n<meta name=\"twitter:label1\" content=\"Escrito por\" \/>\n\t<meta name=\"twitter:data1\" content=\"Dr. Eduard Schellhammer\" \/>\n\t<meta name=\"twitter:label2\" content=\"Tiempo de lectura\" \/>\n\t<meta name=\"twitter:data2\" content=\"3 minutos\" \/>\n<script type=\"application\/ld+json\" class=\"yoast-schema-graph\">{\"@context\":\"https:\\\/\\\/schema.org\",\"@graph\":[{\"@type\":\"Article\",\"@id\":\"https:\\\/\\\/www.schellhammerinstitute.com\\\/los-primeros-anos\\\/#article\",\"isPartOf\":{\"@id\":\"https:\\\/\\\/www.schellhammerinstitute.com\\\/los-primeros-anos\\\/\"},\"author\":{\"name\":\"Dr. Eduard Schellhammer\",\"@id\":\"https:\\\/\\\/www.schellhammerinstitute.com\\\/#\\\/schema\\\/person\\\/26a7f216f9085738595e7f3753546085\"},\"headline\":\"Los Primeros A\u00f1os\",\"datePublished\":\"2019-04-07T09:47:14+00:00\",\"dateModified\":\"2024-10-14T10:24:27+00:00\",\"mainEntityOfPage\":{\"@id\":\"https:\\\/\\\/www.schellhammerinstitute.com\\\/los-primeros-anos\\\/\"},\"wordCount\":563,\"commentCount\":0,\"publisher\":{\"@id\":\"https:\\\/\\\/www.schellhammerinstitute.com\\\/#organization\"},\"image\":{\"@id\":\"https:\\\/\\\/www.schellhammerinstitute.com\\\/los-primeros-anos\\\/#primaryimage\"},\"thumbnailUrl\":\"https:\\\/\\\/www.schellhammerinstitute.com\\\/wp-content\\\/uploads\\\/The-First-Years.jpg\",\"articleSection\":[\"Article\",\"Blog\"],\"inLanguage\":\"es\",\"potentialAction\":[{\"@type\":\"CommentAction\",\"name\":\"Comment\",\"target\":[\"https:\\\/\\\/www.schellhammerinstitute.com\\\/los-primeros-anos\\\/#respond\"]}]},{\"@type\":\"WebPage\",\"@id\":\"https:\\\/\\\/www.schellhammerinstitute.com\\\/los-primeros-anos\\\/\",\"url\":\"https:\\\/\\\/www.schellhammerinstitute.com\\\/los-primeros-anos\\\/\",\"name\":\"Los Primeros A\u00f1os | Schellhammer Institute\",\"isPartOf\":{\"@id\":\"https:\\\/\\\/www.schellhammerinstitute.com\\\/#website\"},\"primaryImageOfPage\":{\"@id\":\"https:\\\/\\\/www.schellhammerinstitute.com\\\/los-primeros-anos\\\/#primaryimage\"},\"image\":{\"@id\":\"https:\\\/\\\/www.schellhammerinstitute.com\\\/los-primeros-anos\\\/#primaryimage\"},\"thumbnailUrl\":\"https:\\\/\\\/www.schellhammerinstitute.com\\\/wp-content\\\/uploads\\\/The-First-Years.jpg\",\"datePublished\":\"2019-04-07T09:47:14+00:00\",\"dateModified\":\"2024-10-14T10:24:27+00:00\",\"breadcrumb\":{\"@id\":\"https:\\\/\\\/www.schellhammerinstitute.com\\\/los-primeros-anos\\\/#breadcrumb\"},\"inLanguage\":\"es\",\"potentialAction\":[{\"@type\":\"ReadAction\",\"target\":[\"https:\\\/\\\/www.schellhammerinstitute.com\\\/los-primeros-anos\\\/\"]}]},{\"@type\":\"ImageObject\",\"inLanguage\":\"es\",\"@id\":\"https:\\\/\\\/www.schellhammerinstitute.com\\\/los-primeros-anos\\\/#primaryimage\",\"url\":\"https:\\\/\\\/www.schellhammerinstitute.com\\\/wp-content\\\/uploads\\\/The-First-Years.jpg\",\"contentUrl\":\"https:\\\/\\\/www.schellhammerinstitute.com\\\/wp-content\\\/uploads\\\/The-First-Years.jpg\",\"width\":1800,\"height\":1200},{\"@type\":\"BreadcrumbList\",\"@id\":\"https:\\\/\\\/www.schellhammerinstitute.com\\\/los-primeros-anos\\\/#breadcrumb\",\"itemListElement\":[{\"@type\":\"ListItem\",\"position\":1,\"name\":\"Home\",\"item\":\"https:\\\/\\\/www.schellhammerinstitute.com\\\/\"},{\"@type\":\"ListItem\",\"position\":2,\"name\":\"Los Primeros A\u00f1os\"}]},{\"@type\":\"WebSite\",\"@id\":\"https:\\\/\\\/www.schellhammerinstitute.com\\\/#website\",\"url\":\"https:\\\/\\\/www.schellhammerinstitute.com\\\/\",\"name\":\"Schellhammer Institute\",\"description\":\"We want to change the world for the better\",\"publisher\":{\"@id\":\"https:\\\/\\\/www.schellhammerinstitute.com\\\/#organization\"},\"alternateName\":\"The Schellhamer Institute\",\"potentialAction\":[{\"@type\":\"SearchAction\",\"target\":{\"@type\":\"EntryPoint\",\"urlTemplate\":\"https:\\\/\\\/www.schellhammerinstitute.com\\\/?s={search_term_string}\"},\"query-input\":{\"@type\":\"PropertyValueSpecification\",\"valueRequired\":true,\"valueName\":\"search_term_string\"}}],\"inLanguage\":\"es\"},{\"@type\":\"Organization\",\"@id\":\"https:\\\/\\\/www.schellhammerinstitute.com\\\/#organization\",\"name\":\"Schellhammer Institute\",\"alternateName\":\"Schellhammer Institute\",\"url\":\"https:\\\/\\\/www.schellhammerinstitute.com\\\/\",\"logo\":{\"@type\":\"ImageObject\",\"inLanguage\":\"es\",\"@id\":\"https:\\\/\\\/www.schellhammerinstitute.com\\\/#\\\/schema\\\/logo\\\/image\\\/\",\"url\":\"https:\\\/\\\/www.schellhammerinstitute.com\\\/wp-content\\\/uploads\\\/cropped-4-Photoroom.png\",\"contentUrl\":\"https:\\\/\\\/www.schellhammerinstitute.com\\\/wp-content\\\/uploads\\\/cropped-4-Photoroom.png\",\"width\":902,\"height\":901,\"caption\":\"Schellhammer Institute\"},\"image\":{\"@id\":\"https:\\\/\\\/www.schellhammerinstitute.com\\\/#\\\/schema\\\/logo\\\/image\\\/\"},\"sameAs\":[\"https:\\\/\\\/www.facebook.com\\\/schellhammerinstitute\",\"https:\\\/\\\/www.instagram.com\\\/schellhammerinstitute\",\"https:\\\/\\\/www.linkedin.com\\\/company\\\/schellhammerinstitute\"]},{\"@type\":\"Person\",\"@id\":\"https:\\\/\\\/www.schellhammerinstitute.com\\\/#\\\/schema\\\/person\\\/26a7f216f9085738595e7f3753546085\",\"name\":\"Dr. Eduard Schellhammer\",\"description\":\"What is most striking about meeting Dr. Schellhammer beyond his pleasant and polite manner; youthful disposition or passionate and sincere views on humanity and the planet, is his unshakable conviction that the world needs a new pioneering education. But exactly who is Dr. Schellhammer? Is he a Philosopher, an expert on Human Matters, a Psychologist, a prolific author of titles from psychology to politics and economics, an educator, or a visionary with a profound and beneficial insight into the human condition? The answer is that he is all that and more. In different age he would have been called a polymath, and probably kept close company with those giants of The Age of Enlightenment, like Jean Jacques Rousseau, Thomas Payne, perhaps even Thomas Jefferson.\",\"sameAs\":[\"https:\\\/\\\/www.schellhammerinstitute.com\\\/founder\\\/\"]}]}<\/script>\n<!-- \/ Yoast SEO plugin. -->","yoast_head_json":{"title":"Los Primeros A\u00f1os | Schellhammer Institute","robots":{"index":"index","follow":"follow","max-snippet":"max-snippet:-1","max-image-preview":"max-image-preview:large","max-video-preview":"max-video-preview:-1"},"canonical":"https:\/\/www.schellhammerinstitute.com\/es\/los-primeros-anos\/","og_locale":"es_ES","og_type":"article","og_title":"Los Primeros A\u00f1os | Schellhammer Institute","og_description":"Los primeros 3 a\u00f1os despu\u00e9s del nacimiento Despu\u00e9s de los 9 meses prenatales se establece la base de las funciones mentales. Una vez nacido, el feto prefiere la voz de la madre antes que la de cualquier otra persona. Un beb\u00e9 responde primero a la voz de la persona que m\u00e1s lo cuida. Los beb\u00e9s [&hellip;]","og_url":"https:\/\/www.schellhammerinstitute.com\/es\/los-primeros-anos\/","og_site_name":"Schellhammer Institute","article_publisher":"https:\/\/www.facebook.com\/schellhammerinstitute","article_published_time":"2019-04-07T09:47:14+00:00","article_modified_time":"2024-10-14T10:24:27+00:00","og_image":[{"width":1800,"height":1200,"url":"https:\/\/www.schellhammerinstitute.com\/wp-content\/uploads\/The-First-Years.jpg","type":"image\/jpeg"}],"author":"Dr. Eduard Schellhammer","twitter_card":"summary_large_image","twitter_misc":{"Escrito por":"Dr. Eduard Schellhammer","Tiempo de lectura":"3 minutos"},"schema":{"@context":"https:\/\/schema.org","@graph":[{"@type":"Article","@id":"https:\/\/www.schellhammerinstitute.com\/los-primeros-anos\/#article","isPartOf":{"@id":"https:\/\/www.schellhammerinstitute.com\/los-primeros-anos\/"},"author":{"name":"Dr. Eduard Schellhammer","@id":"https:\/\/www.schellhammerinstitute.com\/#\/schema\/person\/26a7f216f9085738595e7f3753546085"},"headline":"Los Primeros A\u00f1os","datePublished":"2019-04-07T09:47:14+00:00","dateModified":"2024-10-14T10:24:27+00:00","mainEntityOfPage":{"@id":"https:\/\/www.schellhammerinstitute.com\/los-primeros-anos\/"},"wordCount":563,"commentCount":0,"publisher":{"@id":"https:\/\/www.schellhammerinstitute.com\/#organization"},"image":{"@id":"https:\/\/www.schellhammerinstitute.com\/los-primeros-anos\/#primaryimage"},"thumbnailUrl":"https:\/\/www.schellhammerinstitute.com\/wp-content\/uploads\/The-First-Years.jpg","articleSection":["Article","Blog"],"inLanguage":"es","potentialAction":[{"@type":"CommentAction","name":"Comment","target":["https:\/\/www.schellhammerinstitute.com\/los-primeros-anos\/#respond"]}]},{"@type":"WebPage","@id":"https:\/\/www.schellhammerinstitute.com\/los-primeros-anos\/","url":"https:\/\/www.schellhammerinstitute.com\/los-primeros-anos\/","name":"Los Primeros A\u00f1os | Schellhammer Institute","isPartOf":{"@id":"https:\/\/www.schellhammerinstitute.com\/#website"},"primaryImageOfPage":{"@id":"https:\/\/www.schellhammerinstitute.com\/los-primeros-anos\/#primaryimage"},"image":{"@id":"https:\/\/www.schellhammerinstitute.com\/los-primeros-anos\/#primaryimage"},"thumbnailUrl":"https:\/\/www.schellhammerinstitute.com\/wp-content\/uploads\/The-First-Years.jpg","datePublished":"2019-04-07T09:47:14+00:00","dateModified":"2024-10-14T10:24:27+00:00","breadcrumb":{"@id":"https:\/\/www.schellhammerinstitute.com\/los-primeros-anos\/#breadcrumb"},"inLanguage":"es","potentialAction":[{"@type":"ReadAction","target":["https:\/\/www.schellhammerinstitute.com\/los-primeros-anos\/"]}]},{"@type":"ImageObject","inLanguage":"es","@id":"https:\/\/www.schellhammerinstitute.com\/los-primeros-anos\/#primaryimage","url":"https:\/\/www.schellhammerinstitute.com\/wp-content\/uploads\/The-First-Years.jpg","contentUrl":"https:\/\/www.schellhammerinstitute.com\/wp-content\/uploads\/The-First-Years.jpg","width":1800,"height":1200},{"@type":"BreadcrumbList","@id":"https:\/\/www.schellhammerinstitute.com\/los-primeros-anos\/#breadcrumb","itemListElement":[{"@type":"ListItem","position":1,"name":"Home","item":"https:\/\/www.schellhammerinstitute.com\/"},{"@type":"ListItem","position":2,"name":"Los Primeros A\u00f1os"}]},{"@type":"WebSite","@id":"https:\/\/www.schellhammerinstitute.com\/#website","url":"https:\/\/www.schellhammerinstitute.com\/","name":"Instituci\u00f3n Schellhammer","description":"Queremos cambiar el mundo a mejor","publisher":{"@id":"https:\/\/www.schellhammerinstitute.com\/#organization"},"alternateName":"The Schellhamer Institute","potentialAction":[{"@type":"SearchAction","target":{"@type":"EntryPoint","urlTemplate":"https:\/\/www.schellhammerinstitute.com\/?s={search_term_string}"},"query-input":{"@type":"PropertyValueSpecification","valueRequired":true,"valueName":"search_term_string"}}],"inLanguage":"es"},{"@type":"Organization","@id":"https:\/\/www.schellhammerinstitute.com\/#organization","name":"Instituci\u00f3n Schellhammer","alternateName":"Schellhammer Institute","url":"https:\/\/www.schellhammerinstitute.com\/","logo":{"@type":"ImageObject","inLanguage":"es","@id":"https:\/\/www.schellhammerinstitute.com\/#\/schema\/logo\/image\/","url":"https:\/\/www.schellhammerinstitute.com\/wp-content\/uploads\/cropped-4-Photoroom.png","contentUrl":"https:\/\/www.schellhammerinstitute.com\/wp-content\/uploads\/cropped-4-Photoroom.png","width":902,"height":901,"caption":"Schellhammer Institute"},"image":{"@id":"https:\/\/www.schellhammerinstitute.com\/#\/schema\/logo\/image\/"},"sameAs":["https:\/\/www.facebook.com\/schellhammerinstitute","https:\/\/www.instagram.com\/schellhammerinstitute","https:\/\/www.linkedin.com\/company\/schellhammerinstitute"]},{"@type":"Person","@id":"https:\/\/www.schellhammerinstitute.com\/#\/schema\/person\/26a7f216f9085738595e7f3753546085","name":"Dr. Eduard Schellhammer","description":"Lo que m\u00e1s llama la atenci\u00f3n al conocer al Dr. Schellhammer, m\u00e1s all\u00e1 de sus agradables y educados modales; su talante juvenil o sus apasionadas y sinceras opiniones sobre la humanidad y el planeta, es su inquebrantable convicci\u00f3n de que el mundo necesita una nueva educaci\u00f3n pionera. Pero, \u00bfqui\u00e9n es exactamente el Dr. Schellhammer? \u00bfEs un fil\u00f3sofo, un experto en asuntos humanos, un psic\u00f3logo, un prol\u00edfico autor de t\u00edtulos que van desde la psicolog\u00eda a la pol\u00edtica y la econom\u00eda, un educador o un visionario con una visi\u00f3n profunda y beneficiosa de la condici\u00f3n humana? La respuesta es que es todo eso y m\u00e1s. En otra \u00e9poca se le habr\u00eda calificado de pol\u00edmata, y probablemente habr\u00eda estado en estrecha compa\u00f1\u00eda de los gigantes del Siglo de las Luces, como Jean Jacques Rousseau, Thomas Payne o incluso Thomas Jefferson.","sameAs":["https:\/\/www.schellhammerinstitute.com\/founder\/"]}]}},"jetpack_featured_media_url":"https:\/\/www.schellhammerinstitute.com\/wp-content\/uploads\/The-First-Years.jpg","jetpack_sharing_enabled":true,"_links":{"self":[{"href":"https:\/\/www.schellhammerinstitute.com\/es\/wp-json\/wp\/v2\/posts\/8238","targetHints":{"allow":["GET"]}}],"collection":[{"href":"https:\/\/www.schellhammerinstitute.com\/es\/wp-json\/wp\/v2\/posts"}],"about":[{"href":"https:\/\/www.schellhammerinstitute.com\/es\/wp-json\/wp\/v2\/types\/post"}],"author":[{"embeddable":true,"href":"https:\/\/www.schellhammerinstitute.com\/es\/wp-json\/wp\/v2\/users\/4"}],"replies":[{"embeddable":true,"href":"https:\/\/www.schellhammerinstitute.com\/es\/wp-json\/wp\/v2\/comments?post=8238"}],"version-history":[{"count":1,"href":"https:\/\/www.schellhammerinstitute.com\/es\/wp-json\/wp\/v2\/posts\/8238\/revisions"}],"predecessor-version":[{"id":15897,"href":"https:\/\/www.schellhammerinstitute.com\/es\/wp-json\/wp\/v2\/posts\/8238\/revisions\/15897"}],"wp:featuredmedia":[{"embeddable":true,"href":"https:\/\/www.schellhammerinstitute.com\/es\/wp-json\/wp\/v2\/media\/8240"}],"wp:attachment":[{"href":"https:\/\/www.schellhammerinstitute.com\/es\/wp-json\/wp\/v2\/media?parent=8238"}],"wp:term":[{"taxonomy":"category","embeddable":true,"href":"https:\/\/www.schellhammerinstitute.com\/es\/wp-json\/wp\/v2\/categories?post=8238"},{"taxonomy":"post_tag","embeddable":true,"href":"https:\/\/www.schellhammerinstitute.com\/es\/wp-json\/wp\/v2\/tags?post=8238"}],"curies":[{"name":"wp","href":"https:\/\/api.w.org\/{rel}","templated":true}]}}