{"id":8238,"date":"2019-04-07T09:47:14","date_gmt":"2019-04-07T09:47:14","guid":{"rendered":"https:\/\/www.schellhammerinstitute.com\/?p=8238"},"modified":"2024-10-14T10:24:27","modified_gmt":"2024-10-14T10:24:27","slug":"in-den-ersten-jahren","status":"publish","type":"post","link":"https:\/\/www.schellhammerinstitute.com\/de\/in-den-ersten-jahren\/","title":{"rendered":"Los Primeros A\u00f1os"},"content":{"rendered":"<p><strong>Los primeros 3 a\u00f1os despu\u00e9s del nacimiento<\/strong><\/p>\n<p><strong>Nach 9 Monaten vor der Geburt wird die Basis der geistigen Funktionen festgelegt.<\/strong><\/p>\n<p>Una vez nacido, el feto prefiere la voice de la madre antes que la de cualquier otra persona. Un beb\u00e9 responde primero a la voz de la persona que m\u00e1s lo cuida. Los beb\u00e9s lloran en el acento de la lengua materna de su madre. Die Kinder bevorzugen die ersten Geschm\u00e4cker, die ihnen seit der Geburt vertraut sind. Los beb\u00e9s primero responding bas\u00e1ndose en los procesos de aprendizaje prenatal.<\/p>\n<p><strong>Das Fehlen von vorgeburtlichem Lernen f\u00fchrt zu einer mangelhaften geistigen Entwicklung.<\/strong><\/p>\n<ul>\n<li>Aggressive Eltern vermindern die zuk\u00fcnftige F\u00e4higkeit des Kindes, eine gesunde und friedliche Beziehung aufzubauen.<\/li>\n<li>Silenciar como castigo es una humillaci\u00f3n con da\u00f1os emocionales y problemas de salud para el ni\u00f1o.<\/li>\n<li>Das Fehlen einer kriminellen Bindung in der Familie reproduziert emotionale Desarmonie in der Lebenssituation des Kindes.<\/li>\n<li>Das wiederholte Unrecht, das ungerechte Verhalten der Eltern (Maestros) schafft eine \"Opferidentit\u00e4t\" und f\u00f6rdert die Mentalit\u00e4t, den Hass und die Falschheit.<\/li>\n<\/ul>\n<p><strong>La mente no puede desarrollarse y no puede operar sin, sin:<\/strong><\/p>\n<p>... la satisfacci\u00f3n de sus necesidades intr\u00ednsecas del cuerpo.<br \/>\n... la satisfacci\u00f3n de sus necesidades elementales de vida.<br \/>\n... la satisfacci\u00f3n de ciertas necesidades de experiencias sociales positivas.<br \/>\n... la satisfacci\u00f3n de ciertas necesidades de perspectivas de vida positivas.<\/p>\n<p><strong>Echte Liebe in Form von Gespr\u00e4chen, Streicheleinheiten, Z\u00e4rtlichkeiten und Orientierung ist von gr\u00f6\u00dfter Bedeutung. Die Verringerung oder das Fehlen dieser grundlegenden Befriedigungen f\u00fchrt zu einem \"verlorenen Leben\".<\/strong><\/p>\n<p>Die Psychoanalyse besagt, dass der Mensch schon vor seiner Geburt unbewusste Verhaltensweisen entwickelt, wie z.B. Traumata, perverses Verhalten, emotionale Probleme, religi\u00f6ser Eifer, Angst, Gewaltt\u00e4tigkeit, Frustration usw. Die Epigenetikwissenschaft besagt, dass der Mensch Erbanlagen f\u00fcr den Verstand, das Verhalten, die Emotionen, das Wohlbefinden und das Verhalten von Anfang an und bis zu 14 Generationen vor ihm hat. Deshalb wird die Geschichte in relevanten Kontexten wiederholt.<\/p>\n<p>Je negativer die vorgeburtlichen Erfahrungen mit Vater und Mutter sind, je negativer die Lebenserfahrungen in den ersten drei Jahren sind, desto intensiver wird der Impuls zur Kompensation, zur Nachahmung und zu einem geistigen, religi\u00f6sen oder politischen Zuhause, das \"wahrhaftig\" und \"unantastbar\" ist und Leben, Erl\u00f6sung oder Wohlstand verspricht. Aber die Gr\u00fcnde f\u00fcr diese geistige Herkunft sind viel tiefer: Das geistige Patronat von \"Amenazas und Feinden\" hat sich vor 20.000 Jahren herausgebildet und ist heute noch in seinem archaischen Konzept zu finden. Las im\u00e1genes de los enemigos est\u00e1n determinadas y enraizadas en el sistema mental del futuro humano ya antes del nacimiento y especialmente despu\u00e9s del nacimiento durante los primeros 3 a\u00f1os. F\u00fcr die meisten Menschen haben sich diese Muster w\u00e4hrend ihres gesamten Lebens nicht ver\u00e4ndert.<\/p>\n<p>Las influencias religiosas e ideol\u00f3gicas prenatales y postnatales de los padres y el entorno sociocultural no garantizan la \"verdad\" religiosa o pol\u00edtica. La epigen\u00e9tica tambi\u00e9n descubri\u00f3: la rigidez, la obstinaci\u00f3n, la rectitud, el fundamentalismo y el dogmatismo son conceptos mentales que se transmiten de manera acr\u00edtica a la siguiente generaci\u00f3n, m\u00e1s all\u00e1 de la \"verdad\".<\/p>","protected":false},"excerpt":{"rendered":"<p>Los primeros 3 a\u00f1os despu\u00e9s del nacimiento Despu\u00e9s de los 9 meses prenatales se establece la base de las funciones mentales. Una vez nacido, el feto prefiere la voz de la madre antes que la de cualquier otra persona. Un beb\u00e9 responde primero a la voz de la persona que m\u00e1s lo cuida. Los beb\u00e9s [&hellip;]<\/p>\n","protected":false},"author":4,"featured_media":8240,"comment_status":"open","ping_status":"closed","sticky":false,"template":"","format":"standard","meta":{"saved_in_kubio":false,"_jetpack_memberships_contains_paid_content":false,"footnotes":""},"categories":[306,1],"tags":[],"class_list":["post-8238","post","type-post","status-publish","format-standard","has-post-thumbnail","hentry","category-article","category-blog"],"yoast_head":"<!-- This site is optimized with the Yoast SEO plugin v27.5 - https:\/\/yoast.com\/product\/yoast-seo-wordpress\/ -->\n<title>Los Primeros A\u00f1os | Schellhammer Institute<\/title>\n<meta name=\"robots\" content=\"index, follow, max-snippet:-1, max-image-preview:large, max-video-preview:-1\" \/>\n<link rel=\"canonical\" href=\"https:\/\/www.schellhammerinstitute.com\/de\/in-den-ersten-jahren\/\" \/>\n<meta property=\"og:locale\" content=\"de_DE\" \/>\n<meta property=\"og:type\" content=\"article\" \/>\n<meta property=\"og:title\" content=\"Los Primeros A\u00f1os | Schellhammer Institute\" \/>\n<meta property=\"og:description\" content=\"Los primeros 3 a\u00f1os despu\u00e9s del nacimiento Despu\u00e9s de los 9 meses prenatales se establece la base de las funciones mentales. Una vez nacido, el feto prefiere la voz de la madre antes que la de cualquier otra persona. Un beb\u00e9 responde primero a la voz de la persona que m\u00e1s lo cuida. Los beb\u00e9s [&hellip;]\" \/>\n<meta property=\"og:url\" content=\"https:\/\/www.schellhammerinstitute.com\/de\/in-den-ersten-jahren\/\" \/>\n<meta property=\"og:site_name\" content=\"Schellhammer Institute\" \/>\n<meta property=\"article:publisher\" content=\"https:\/\/www.facebook.com\/schellhammerinstitute\" \/>\n<meta property=\"article:published_time\" content=\"2019-04-07T09:47:14+00:00\" \/>\n<meta property=\"article:modified_time\" content=\"2024-10-14T10:24:27+00:00\" \/>\n<meta property=\"og:image\" content=\"https:\/\/www.schellhammerinstitute.com\/wp-content\/uploads\/The-First-Years.jpg\" \/>\n\t<meta property=\"og:image:width\" content=\"1800\" \/>\n\t<meta property=\"og:image:height\" content=\"1200\" \/>\n\t<meta property=\"og:image:type\" content=\"image\/jpeg\" \/>\n<meta name=\"author\" content=\"Dr. Eduard Schellhammer\" \/>\n<meta name=\"twitter:card\" content=\"summary_large_image\" \/>\n<meta name=\"twitter:label1\" content=\"Geschrieben von\" \/>\n\t<meta name=\"twitter:data1\" content=\"Dr. Eduard Schellhammer\" \/>\n\t<meta name=\"twitter:label2\" content=\"Gesch\u00e4tzte Lesezeit\" \/>\n\t<meta name=\"twitter:data2\" content=\"3\u00a0Minuten\" \/>\n<script type=\"application\/ld+json\" class=\"yoast-schema-graph\">{\"@context\":\"https:\\\/\\\/schema.org\",\"@graph\":[{\"@type\":\"Article\",\"@id\":\"https:\\\/\\\/www.schellhammerinstitute.com\\\/los-primeros-anos\\\/#article\",\"isPartOf\":{\"@id\":\"https:\\\/\\\/www.schellhammerinstitute.com\\\/los-primeros-anos\\\/\"},\"author\":{\"name\":\"Dr. Eduard Schellhammer\",\"@id\":\"https:\\\/\\\/www.schellhammerinstitute.com\\\/#\\\/schema\\\/person\\\/26a7f216f9085738595e7f3753546085\"},\"headline\":\"Los Primeros A\u00f1os\",\"datePublished\":\"2019-04-07T09:47:14+00:00\",\"dateModified\":\"2024-10-14T10:24:27+00:00\",\"mainEntityOfPage\":{\"@id\":\"https:\\\/\\\/www.schellhammerinstitute.com\\\/los-primeros-anos\\\/\"},\"wordCount\":563,\"commentCount\":0,\"publisher\":{\"@id\":\"https:\\\/\\\/www.schellhammerinstitute.com\\\/#organization\"},\"image\":{\"@id\":\"https:\\\/\\\/www.schellhammerinstitute.com\\\/los-primeros-anos\\\/#primaryimage\"},\"thumbnailUrl\":\"https:\\\/\\\/www.schellhammerinstitute.com\\\/wp-content\\\/uploads\\\/The-First-Years.jpg\",\"articleSection\":[\"Article\",\"Blog\"],\"inLanguage\":\"de\",\"potentialAction\":[{\"@type\":\"CommentAction\",\"name\":\"Comment\",\"target\":[\"https:\\\/\\\/www.schellhammerinstitute.com\\\/los-primeros-anos\\\/#respond\"]}]},{\"@type\":\"WebPage\",\"@id\":\"https:\\\/\\\/www.schellhammerinstitute.com\\\/los-primeros-anos\\\/\",\"url\":\"https:\\\/\\\/www.schellhammerinstitute.com\\\/los-primeros-anos\\\/\",\"name\":\"Los Primeros A\u00f1os | Schellhammer Institute\",\"isPartOf\":{\"@id\":\"https:\\\/\\\/www.schellhammerinstitute.com\\\/#website\"},\"primaryImageOfPage\":{\"@id\":\"https:\\\/\\\/www.schellhammerinstitute.com\\\/los-primeros-anos\\\/#primaryimage\"},\"image\":{\"@id\":\"https:\\\/\\\/www.schellhammerinstitute.com\\\/los-primeros-anos\\\/#primaryimage\"},\"thumbnailUrl\":\"https:\\\/\\\/www.schellhammerinstitute.com\\\/wp-content\\\/uploads\\\/The-First-Years.jpg\",\"datePublished\":\"2019-04-07T09:47:14+00:00\",\"dateModified\":\"2024-10-14T10:24:27+00:00\",\"breadcrumb\":{\"@id\":\"https:\\\/\\\/www.schellhammerinstitute.com\\\/los-primeros-anos\\\/#breadcrumb\"},\"inLanguage\":\"de\",\"potentialAction\":[{\"@type\":\"ReadAction\",\"target\":[\"https:\\\/\\\/www.schellhammerinstitute.com\\\/los-primeros-anos\\\/\"]}]},{\"@type\":\"ImageObject\",\"inLanguage\":\"de\",\"@id\":\"https:\\\/\\\/www.schellhammerinstitute.com\\\/los-primeros-anos\\\/#primaryimage\",\"url\":\"https:\\\/\\\/www.schellhammerinstitute.com\\\/wp-content\\\/uploads\\\/The-First-Years.jpg\",\"contentUrl\":\"https:\\\/\\\/www.schellhammerinstitute.com\\\/wp-content\\\/uploads\\\/The-First-Years.jpg\",\"width\":1800,\"height\":1200},{\"@type\":\"BreadcrumbList\",\"@id\":\"https:\\\/\\\/www.schellhammerinstitute.com\\\/los-primeros-anos\\\/#breadcrumb\",\"itemListElement\":[{\"@type\":\"ListItem\",\"position\":1,\"name\":\"Home\",\"item\":\"https:\\\/\\\/www.schellhammerinstitute.com\\\/\"},{\"@type\":\"ListItem\",\"position\":2,\"name\":\"Los Primeros A\u00f1os\"}]},{\"@type\":\"WebSite\",\"@id\":\"https:\\\/\\\/www.schellhammerinstitute.com\\\/#website\",\"url\":\"https:\\\/\\\/www.schellhammerinstitute.com\\\/\",\"name\":\"Schellhammer Institute\",\"description\":\"We want to change the world for the better\",\"publisher\":{\"@id\":\"https:\\\/\\\/www.schellhammerinstitute.com\\\/#organization\"},\"alternateName\":\"The Schellhamer Institute\",\"potentialAction\":[{\"@type\":\"SearchAction\",\"target\":{\"@type\":\"EntryPoint\",\"urlTemplate\":\"https:\\\/\\\/www.schellhammerinstitute.com\\\/?s={search_term_string}\"},\"query-input\":{\"@type\":\"PropertyValueSpecification\",\"valueRequired\":true,\"valueName\":\"search_term_string\"}}],\"inLanguage\":\"de\"},{\"@type\":\"Organization\",\"@id\":\"https:\\\/\\\/www.schellhammerinstitute.com\\\/#organization\",\"name\":\"Schellhammer Institute\",\"alternateName\":\"Schellhammer Institute\",\"url\":\"https:\\\/\\\/www.schellhammerinstitute.com\\\/\",\"logo\":{\"@type\":\"ImageObject\",\"inLanguage\":\"de\",\"@id\":\"https:\\\/\\\/www.schellhammerinstitute.com\\\/#\\\/schema\\\/logo\\\/image\\\/\",\"url\":\"https:\\\/\\\/www.schellhammerinstitute.com\\\/wp-content\\\/uploads\\\/cropped-4-Photoroom.png\",\"contentUrl\":\"https:\\\/\\\/www.schellhammerinstitute.com\\\/wp-content\\\/uploads\\\/cropped-4-Photoroom.png\",\"width\":902,\"height\":901,\"caption\":\"Schellhammer Institute\"},\"image\":{\"@id\":\"https:\\\/\\\/www.schellhammerinstitute.com\\\/#\\\/schema\\\/logo\\\/image\\\/\"},\"sameAs\":[\"https:\\\/\\\/www.facebook.com\\\/schellhammerinstitute\",\"https:\\\/\\\/www.instagram.com\\\/schellhammerinstitute\",\"https:\\\/\\\/www.linkedin.com\\\/company\\\/schellhammerinstitute\"]},{\"@type\":\"Person\",\"@id\":\"https:\\\/\\\/www.schellhammerinstitute.com\\\/#\\\/schema\\\/person\\\/26a7f216f9085738595e7f3753546085\",\"name\":\"Dr. Eduard Schellhammer\",\"description\":\"What is most striking about meeting Dr. Schellhammer beyond his pleasant and polite manner; youthful disposition or passionate and sincere views on humanity and the planet, is his unshakable conviction that the world needs a new pioneering education. But exactly who is Dr. Schellhammer? Is he a Philosopher, an expert on Human Matters, a Psychologist, a prolific author of titles from psychology to politics and economics, an educator, or a visionary with a profound and beneficial insight into the human condition? The answer is that he is all that and more. In different age he would have been called a polymath, and probably kept close company with those giants of The Age of Enlightenment, like Jean Jacques Rousseau, Thomas Payne, perhaps even Thomas Jefferson.\",\"sameAs\":[\"https:\\\/\\\/www.schellhammerinstitute.com\\\/founder\\\/\"]}]}<\/script>\n<!-- \/ Yoast SEO plugin. -->","yoast_head_json":{"title":"Los Primeros A\u00f1os | Schellhammer Institute","robots":{"index":"index","follow":"follow","max-snippet":"max-snippet:-1","max-image-preview":"max-image-preview:large","max-video-preview":"max-video-preview:-1"},"canonical":"https:\/\/www.schellhammerinstitute.com\/de\/in-den-ersten-jahren\/","og_locale":"de_DE","og_type":"article","og_title":"Los Primeros A\u00f1os | Schellhammer Institute","og_description":"Los primeros 3 a\u00f1os despu\u00e9s del nacimiento Despu\u00e9s de los 9 meses prenatales se establece la base de las funciones mentales. Una vez nacido, el feto prefiere la voz de la madre antes que la de cualquier otra persona. Un beb\u00e9 responde primero a la voz de la persona que m\u00e1s lo cuida. Los beb\u00e9s [&hellip;]","og_url":"https:\/\/www.schellhammerinstitute.com\/de\/in-den-ersten-jahren\/","og_site_name":"Schellhammer Institute","article_publisher":"https:\/\/www.facebook.com\/schellhammerinstitute","article_published_time":"2019-04-07T09:47:14+00:00","article_modified_time":"2024-10-14T10:24:27+00:00","og_image":[{"width":1800,"height":1200,"url":"https:\/\/www.schellhammerinstitute.com\/wp-content\/uploads\/The-First-Years.jpg","type":"image\/jpeg"}],"author":"Dr. Eduard Schellhammer","twitter_card":"summary_large_image","twitter_misc":{"Geschrieben von":"Dr. Eduard Schellhammer","Gesch\u00e4tzte Lesezeit":"3\u00a0Minuten"},"schema":{"@context":"https:\/\/schema.org","@graph":[{"@type":"Article","@id":"https:\/\/www.schellhammerinstitute.com\/los-primeros-anos\/#article","isPartOf":{"@id":"https:\/\/www.schellhammerinstitute.com\/los-primeros-anos\/"},"author":{"name":"Dr. Eduard Schellhammer","@id":"https:\/\/www.schellhammerinstitute.com\/#\/schema\/person\/26a7f216f9085738595e7f3753546085"},"headline":"Los Primeros A\u00f1os","datePublished":"2019-04-07T09:47:14+00:00","dateModified":"2024-10-14T10:24:27+00:00","mainEntityOfPage":{"@id":"https:\/\/www.schellhammerinstitute.com\/los-primeros-anos\/"},"wordCount":563,"commentCount":0,"publisher":{"@id":"https:\/\/www.schellhammerinstitute.com\/#organization"},"image":{"@id":"https:\/\/www.schellhammerinstitute.com\/los-primeros-anos\/#primaryimage"},"thumbnailUrl":"https:\/\/www.schellhammerinstitute.com\/wp-content\/uploads\/The-First-Years.jpg","articleSection":["Article","Blog"],"inLanguage":"de","potentialAction":[{"@type":"CommentAction","name":"Comment","target":["https:\/\/www.schellhammerinstitute.com\/los-primeros-anos\/#respond"]}]},{"@type":"WebPage","@id":"https:\/\/www.schellhammerinstitute.com\/los-primeros-anos\/","url":"https:\/\/www.schellhammerinstitute.com\/los-primeros-anos\/","name":"Los Primeros A\u00f1os | Schellhammer Institute","isPartOf":{"@id":"https:\/\/www.schellhammerinstitute.com\/#website"},"primaryImageOfPage":{"@id":"https:\/\/www.schellhammerinstitute.com\/los-primeros-anos\/#primaryimage"},"image":{"@id":"https:\/\/www.schellhammerinstitute.com\/los-primeros-anos\/#primaryimage"},"thumbnailUrl":"https:\/\/www.schellhammerinstitute.com\/wp-content\/uploads\/The-First-Years.jpg","datePublished":"2019-04-07T09:47:14+00:00","dateModified":"2024-10-14T10:24:27+00:00","breadcrumb":{"@id":"https:\/\/www.schellhammerinstitute.com\/los-primeros-anos\/#breadcrumb"},"inLanguage":"de","potentialAction":[{"@type":"ReadAction","target":["https:\/\/www.schellhammerinstitute.com\/los-primeros-anos\/"]}]},{"@type":"ImageObject","inLanguage":"de","@id":"https:\/\/www.schellhammerinstitute.com\/los-primeros-anos\/#primaryimage","url":"https:\/\/www.schellhammerinstitute.com\/wp-content\/uploads\/The-First-Years.jpg","contentUrl":"https:\/\/www.schellhammerinstitute.com\/wp-content\/uploads\/The-First-Years.jpg","width":1800,"height":1200},{"@type":"BreadcrumbList","@id":"https:\/\/www.schellhammerinstitute.com\/los-primeros-anos\/#breadcrumb","itemListElement":[{"@type":"ListItem","position":1,"name":"Home","item":"https:\/\/www.schellhammerinstitute.com\/"},{"@type":"ListItem","position":2,"name":"Los Primeros A\u00f1os"}]},{"@type":"WebSite","@id":"https:\/\/www.schellhammerinstitute.com\/#website","url":"https:\/\/www.schellhammerinstitute.com\/","name":"Schellhammer-Institut","description":"Wir wollen die Welt zum Besseren ver\u00e4ndern","publisher":{"@id":"https:\/\/www.schellhammerinstitute.com\/#organization"},"alternateName":"The Schellhamer Institute","potentialAction":[{"@type":"SearchAction","target":{"@type":"EntryPoint","urlTemplate":"https:\/\/www.schellhammerinstitute.com\/?s={search_term_string}"},"query-input":{"@type":"PropertyValueSpecification","valueRequired":true,"valueName":"search_term_string"}}],"inLanguage":"de"},{"@type":"Organization","@id":"https:\/\/www.schellhammerinstitute.com\/#organization","name":"Schellhammer-Institut","alternateName":"Schellhammer Institute","url":"https:\/\/www.schellhammerinstitute.com\/","logo":{"@type":"ImageObject","inLanguage":"de","@id":"https:\/\/www.schellhammerinstitute.com\/#\/schema\/logo\/image\/","url":"https:\/\/www.schellhammerinstitute.com\/wp-content\/uploads\/cropped-4-Photoroom.png","contentUrl":"https:\/\/www.schellhammerinstitute.com\/wp-content\/uploads\/cropped-4-Photoroom.png","width":902,"height":901,"caption":"Schellhammer Institute"},"image":{"@id":"https:\/\/www.schellhammerinstitute.com\/#\/schema\/logo\/image\/"},"sameAs":["https:\/\/www.facebook.com\/schellhammerinstitute","https:\/\/www.instagram.com\/schellhammerinstitute","https:\/\/www.linkedin.com\/company\/schellhammerinstitute"]},{"@type":"Person","@id":"https:\/\/www.schellhammerinstitute.com\/#\/schema\/person\/26a7f216f9085738595e7f3753546085","name":"Dr. Eduard Schellhammer","description":"Was bei einer Begegnung mit Dr. Schellhammer neben seiner angenehmen und h\u00f6flichen Art, seiner jugendlichen Ausstrahlung und seinen leidenschaftlichen und aufrichtigen Ansichten \u00fcber die Menschheit und den Planeten am meisten auff\u00e4llt, ist seine unersch\u00fctterliche \u00dcberzeugung, dass die Welt eine neue bahnbrechende Bildung braucht. Aber wer genau ist Dr. Schellhammer? Ist er ein Philosoph, ein Experte f\u00fcr menschliche Angelegenheiten, ein Psychologe, ein produktiver Autor von Titeln aus den Bereichen Psychologie, Politik und Wirtschaft, ein P\u00e4dagoge oder ein Vision\u00e4r mit einer tiefgreifenden und segensreichen Einsicht in den Zustand des Menschen? Die Antwort ist, dass er all das und noch mehr ist. In einem anderen Zeitalter h\u00e4tte man ihn als Universalgelehrten bezeichnet, und wahrscheinlich w\u00e4re er in enger Gemeinschaft mit den Giganten des Zeitalters der Aufkl\u00e4rung wie Jean Jacques Rousseau, Thomas Payne und vielleicht sogar Thomas Jefferson.","sameAs":["https:\/\/www.schellhammerinstitute.com\/founder\/"]}]}},"jetpack_featured_media_url":"https:\/\/www.schellhammerinstitute.com\/wp-content\/uploads\/The-First-Years.jpg","jetpack_sharing_enabled":true,"_links":{"self":[{"href":"https:\/\/www.schellhammerinstitute.com\/de\/wp-json\/wp\/v2\/posts\/8238","targetHints":{"allow":["GET"]}}],"collection":[{"href":"https:\/\/www.schellhammerinstitute.com\/de\/wp-json\/wp\/v2\/posts"}],"about":[{"href":"https:\/\/www.schellhammerinstitute.com\/de\/wp-json\/wp\/v2\/types\/post"}],"author":[{"embeddable":true,"href":"https:\/\/www.schellhammerinstitute.com\/de\/wp-json\/wp\/v2\/users\/4"}],"replies":[{"embeddable":true,"href":"https:\/\/www.schellhammerinstitute.com\/de\/wp-json\/wp\/v2\/comments?post=8238"}],"version-history":[{"count":1,"href":"https:\/\/www.schellhammerinstitute.com\/de\/wp-json\/wp\/v2\/posts\/8238\/revisions"}],"predecessor-version":[{"id":15897,"href":"https:\/\/www.schellhammerinstitute.com\/de\/wp-json\/wp\/v2\/posts\/8238\/revisions\/15897"}],"wp:featuredmedia":[{"embeddable":true,"href":"https:\/\/www.schellhammerinstitute.com\/de\/wp-json\/wp\/v2\/media\/8240"}],"wp:attachment":[{"href":"https:\/\/www.schellhammerinstitute.com\/de\/wp-json\/wp\/v2\/media?parent=8238"}],"wp:term":[{"taxonomy":"category","embeddable":true,"href":"https:\/\/www.schellhammerinstitute.com\/de\/wp-json\/wp\/v2\/categories?post=8238"},{"taxonomy":"post_tag","embeddable":true,"href":"https:\/\/www.schellhammerinstitute.com\/de\/wp-json\/wp\/v2\/tags?post=8238"}],"curies":[{"name":"wp","href":"https:\/\/api.w.org\/{rel}","templated":true}]}}